{"id":3378,"date":"2025-09-17T12:28:13","date_gmt":"2025-09-17T10:28:13","guid":{"rendered":"https:\/\/agronoticias.es\/de\/?p=3378"},"modified":"2025-09-17T12:29:00","modified_gmt":"2025-09-17T10:29:00","slug":"spanien-erwartet-2025-26-544-millionen-tonnen-citrusfruchte","status":"publish","type":"post","link":"https:\/\/agronoticias.es\/de\/spanien-erwartet-2025-26-544-millionen-tonnen-citrusfruchte\/","title":{"rendered":"Spanien erwartet 2025\/26 5,44 Millionen Tonnen Citrusfr\u00fcchte"},"content":{"rendered":"\n<p> <\/p>\n\n\n\n<p>Das spanische Landwirtschaftsministerium hat Anfang KW 38\/25 bei einem Treffen mit den wichtigsten Repr\u00e4sentanten des Sektors die Sch\u00e4tzung der Citrusproduktion 25\/26 vorgestellt.<\/p>\n\n\n\n<p>Demnach wird die Citrussaison, die am 1.September begonnen hat, 5,44 Mio t erreichen. Das sind 655.000 t&nbsp; weniger als in 24\/25 (-10,7 %) und&nbsp; -14,2 % als der Durchschnitt der letzten f\u00fcnf Kampagen. Sollten sich diese Daten best\u00e4tigen, w\u00e4re das die kleinste Citrusernte der vergangenen 16 Jahre. Der diesj\u00e4hrige R\u00fcckgang ist haupts\u00e4chlich auf \u00fcberm\u00e4\u00dfige Niederschl\u00e4ge im Fr\u00fchjahr, hohe Temperaturen in kritischen Phasen der Fruchtentwicklung und Hagel in verschiedenen Anbaugebieten zur\u00fcckzuf\u00fchren.<\/p>\n\n\n\n<p>Nach Produkten:<\/p>\n\n\n\n<p>Orangen: hier werden 2,72 Mio t erwartet, 11,6 % weniger (-356.300 t) als in 24\/25 und 14,4 % (-459.900 t) unter dem Durchschnitt. Sie machen 50,1 % der Gesamtmenge aus. 71 % entfallen auf die Sorten der Gruppe Navel.<\/p>\n\n\n\n<p>Die Produktion von kleinen Citrusfr\u00fcchten w\u00fcrden lt. Sch\u00e4tzung 1,73 Mio t erreichen, 8,2 % (-154.100 t) weniger als in der vergangenen Saison und 14,1 % unter dem Durchschnitt (-283.700 t). Auf sie entfallen 31,9 % der gesamten Citrusmenge. Von den kleinen Citrusfr\u00fcchten sind 5,4 % Satumas, 52,2 % Clementinen und 42,3 % der restlich Mandarinen und Hybrid-Mandarinen.<\/p>\n\n\n\n<p>Zitronen: Die Zitronenernte w\u00fcrde im Vergleich zur Kampagne 24\/25 mit 866.654 t um 14,7 % (-149.400 t) kleiner ausfallen und 17,3 % (-180.800 t) als der Durchschnitt. Bei 77,3 % handelt es sich die Sorte fino und 22,1 % um Verna.<\/p>\n\n\n\n<p>Grapefruits: Mit einer Sch\u00e4tzung von 107.902 t w\u00fcrde die Produktion der vergangenen Kampagne, die bereits einen Rekord darstellte, um 8 % (8.000 t) \u00fcberschritten. Mit +26,4 % (+22.570 t) k\u00e4me es zum dritten Mal hintereinander zu einer Rekordernte.<\/p>\n\n\n\n<p>Mit dieser Sch\u00e4tzung bekr\u00e4ftigt das Ministerium sein Engagement f\u00fcr Transparenz und bietet dem Sektor bessere Entscheidungsgrundlagen im Einklang mit dem 2019 verabschiedeten Plan zur Verbesserung der Citrusproduktion.<\/p>\n\n\n\n<p>W\u00e4hrend des Treffens wurden auch die Aussichten f\u00fcr die Saison 2025\/26 diskutiert und eine Analyse des Citrusexports durchgef\u00fchrt.<\/p>\n\n\n\n<p>Spanien ist weiterhin der gr\u00f6\u00dfte Citrusproduzent der EU und der sechstgr\u00f6\u00dfte der Welt. Zwischen 2019\/20 und 2023\/24 wurden im Durchschnitt 3,5 Mio t pro Saison mit einem durchschnittlichen Jahreswert von ca.3,6 Mrd Euro erzielt.<\/p>\n\n\n\n<p>Spanien ist auch weltweit f\u00fchrend bei der Vermarktung von frischen Zitrusfr\u00fcchten und deckt fast 25 % der weltweiten Exporte ab. Mehr als die H\u00e4lfte der nationalen Produktion (55 %) ist f\u00fcr ausl\u00e4ndische M\u00e4rkte bestimmt, wobei der Anteil von kleinen Citrusfr\u00fcchten und Zitronen bei \u00fcber 60 % und von Grapefruits bei fast 85 % liegt..<\/p>\n\n\n\n<p>Weitere wichtige Themae waren die phytosanit\u00e4re Lage, Aspekte der Lebensmittelkette, Vertr\u00e4ge, \u00f6ffentliche F\u00f6rderungen sowie die Aussichten f\u00fcr die Citrusproduktion in der n\u00e4chsten Gemeinsamen Agrarpolitik (GAP). Eines der gr\u00f6\u00dften Probleme der Branche ist das Risiko und die H\u00e4ufigkeit der Einschleppung exotischer Sch\u00e4dlinge und Krankheitserreger in den europ\u00e4ischen Citrusanbau. Diese nehmen aufgrund der Globalisierung des Handels, der vollst\u00e4ndigen Markt\u00f6ffnung und der zunehmenden Auswirkungen des Klimawandels auf die Pflanzengesundheit stetig zu. Die Teilnehmer diskutierten \u00fcber die wichtigsten Sch\u00e4dlinge und Krankheiten, deren Bek\u00e4mpfung die gr\u00f6\u00dften Herausforderungen darstellt, und analysierten die Ausnahmegenehmigungen f\u00fcr Wirkstoffe, die in der vergangenen und aktuellen Kampagne im Citrusanbau eingesetzt wurden. Quelle: Mapa<\/p>\n","protected":false},"excerpt":{"rendered":"<p>Das spanische Landwirtschaftsministerium hat Anfang KW 38\/25 bei einem Treffen mit den wichtigsten Repr\u00e4sentanten des Sektors die Sch\u00e4tzung<\/p>\n","protected":false},"author":1,"featured_media":2153,"comment_status":"closed","ping_status":"closed","sticky":false,"template":"","format":"standard","meta":{"footnotes":""},"categories":[34],"tags":[],"class_list":["post-3378","post","type-post","status-publish","format-standard","has-post-thumbnail","hentry","category-allgemein"],"featured_image_urls":{"full":["https:\/\/agronoticias.es\/de\/wp-content\/uploads\/2024\/04\/naranjas-LonjaCordoba.jpg",300,225,false],"thumbnail":["https:\/\/agronoticias.es\/de\/wp-content\/uploads\/2024\/04\/naranjas-LonjaCordoba-150x150.jpg",150,150,true],"medium":["https:\/\/agronoticias.es\/de\/wp-content\/uploads\/2024\/04\/naranjas-LonjaCordoba.jpg",300,225,false],"medium_large":["https:\/\/agronoticias.es\/de\/wp-content\/uploads\/2024\/04\/naranjas-LonjaCordoba.jpg",300,225,false],"large":["https:\/\/agronoticias.es\/de\/wp-content\/uploads\/2024\/04\/naranjas-LonjaCordoba.jpg",300,225,false],"1536x1536":["https:\/\/agronoticias.es\/de\/wp-content\/uploads\/2024\/04\/naranjas-LonjaCordoba.jpg",300,225,false],"2048x2048":["https:\/\/agronoticias.es\/de\/wp-content\/uploads\/2024\/04\/naranjas-LonjaCordoba.jpg",300,225,false],"morenews-large":["https:\/\/agronoticias.es\/de\/wp-content\/uploads\/2024\/04\/naranjas-LonjaCordoba.jpg",300,225,false],"morenews-medium":["https:\/\/agronoticias.es\/de\/wp-content\/uploads\/2024\/04\/naranjas-LonjaCordoba.jpg",300,225,false]},"author_info":{"display_name":"admin","author_link":"https:\/\/agronoticias.es\/de\/author\/admin\/"},"category_info":"<a href=\"https:\/\/agronoticias.es\/de\/category\/allgemein\/\" rel=\"category tag\">Allgemein<\/a>","tag_info":"Allgemein","comment_count":"0","_links":{"self":[{"href":"https:\/\/agronoticias.es\/de\/wp-json\/wp\/v2\/posts\/3378","targetHints":{"allow":["GET"]}}],"collection":[{"href":"https:\/\/agronoticias.es\/de\/wp-json\/wp\/v2\/posts"}],"about":[{"href":"https:\/\/agronoticias.es\/de\/wp-json\/wp\/v2\/types\/post"}],"author":[{"embeddable":true,"href":"https:\/\/agronoticias.es\/de\/wp-json\/wp\/v2\/users\/1"}],"replies":[{"embeddable":true,"href":"https:\/\/agronoticias.es\/de\/wp-json\/wp\/v2\/comments?post=3378"}],"version-history":[{"count":1,"href":"https:\/\/agronoticias.es\/de\/wp-json\/wp\/v2\/posts\/3378\/revisions"}],"predecessor-version":[{"id":3379,"href":"https:\/\/agronoticias.es\/de\/wp-json\/wp\/v2\/posts\/3378\/revisions\/3379"}],"wp:featuredmedia":[{"embeddable":true,"href":"https:\/\/agronoticias.es\/de\/wp-json\/wp\/v2\/media\/2153"}],"wp:attachment":[{"href":"https:\/\/agronoticias.es\/de\/wp-json\/wp\/v2\/media?parent=3378"}],"wp:term":[{"taxonomy":"category","embeddable":true,"href":"https:\/\/agronoticias.es\/de\/wp-json\/wp\/v2\/categories?post=3378"},{"taxonomy":"post_tag","embeddable":true,"href":"https:\/\/agronoticias.es\/de\/wp-json\/wp\/v2\/tags?post=3378"}],"curies":[{"name":"wp","href":"https:\/\/api.w.org\/{rel}","templated":true}]}}