{"id":3374,"date":"2025-09-16T12:27:34","date_gmt":"2025-09-16T10:27:34","guid":{"rendered":"https:\/\/agronoticias.es\/de\/?p=3374"},"modified":"2025-09-16T12:28:26","modified_gmt":"2025-09-16T10:28:26","slug":"spanien-castilla-la-mancha-stetiges-wachstum-der-bio-pistazienproduktion","status":"publish","type":"post","link":"https:\/\/agronoticias.es\/de\/spanien-castilla-la-mancha-stetiges-wachstum-der-bio-pistazienproduktion\/","title":{"rendered":"Spanien\/Castilla-La Mancha \u2013 stetiges Wachstum der Bio-Pistazienproduktion"},"content":{"rendered":"\n<p><\/p>\n\n\n\n<p>Die Cooperativas-alimentarias Castilla-La Mancha  (CLM) haben ihre Pistazien-Erntesch\u00e4tzung aus dem Juli um 6 % auf 8.400 t leicht nach unten korrigiert.&nbsp; Der R\u00fcckgang ist haupts\u00e4chlich auf niedrige Temperaturen w\u00e4hrend Bl\u00fcte und&nbsp; Fruchtansatz zur\u00fcckzuf\u00fchren. Trotzdem steht der Sektor vor der gr\u00f6ssten je &nbsp;in Castilla-La Mancha erreichten Pistazierenernte. Derzeit stehen rund 5.500 ha in Produktion. Die diesj\u00e4hrige Saison hat im Vergleich zum Vorjahr mit einer Versp\u00e4tung von zwei Wochen begonnen.<\/p>\n\n\n\n<p>\u201eDer Zustand der Kulturen ist sehr gut\u201c, erkl\u00e4rte Ignacio Lobato, Sprecher der Pistazien-Kommission. \u201eW\u00e4hrend der Wachstumsperiode wurden keine nennenswerten Probleme festgestellt, die die Qualit\u00e4t der Produktion h\u00e4tten beeintr\u00e4chtigen k\u00f6nnen. Auch die Wetterbedingungn waren &#8211; abgesehen von Hagelsch\u00e4denin in einigen Gebieten \u2013 g\u00fcnstig, und wir hoffen, dass sich das auf einen hohen Anteil&nbsp; gr\u00f6sserer Kaliber niederschlagen wird.\u201c<\/p>\n\n\n\n<p>Ein weiterer wichtiger Aspekt ist das anhaltende Wachstum der Bio-Produktion, deren Anteil bei ca. 36 % &nbsp;der Gesamtfl\u00e4che liegt. Ein Grossteil davon steht in Produktion, so dass die meisten Pistazien derzeit Bio sind. I. Lobato: \u201eDamit ist Cast\u00edlla-La Mancha landesweit f\u00fchrend in der Bio-Pistazienproduktion.\u201c Die Pistazien-Anbaufl\u00e4che in Castilla-La Mancha betr\u00e4gt in 2025 rund 64.400 ha, von denen 16.400 ha in Produktion stehen. (12.215 ha unbew\u00e4ssert, 4.185 ha bew\u00e4ssert). Die produktive Fl\u00e4che ist im Vergleich zum vergangenen Jahr um 40 % gestiegen.<\/p>\n\n\n\n<p>Von Seiten der M\u00e4rkte ist ein starkes Interesse zu verzeichnen. Lobato: \u201eDie Saison hat mit etwas h\u00f6heren Preisen als im vergangenen Jahr begonnen. Jedoch stehen wir erst am Anfang und m\u00fcssen abwarten, wie sich die Kampagne in den kommenden Monaten entwickelt.\u201c Quelle und Foto: CLM<\/p>\n\n\n\n<p><\/p>\n","protected":false},"excerpt":{"rendered":"<p>Die Cooperativas-alimentarias Castilla-La Mancha (CLM) haben ihre Pistazien-Erntesch\u00e4tzung aus dem Juli um 6 % auf 8.400 t leicht<\/p>\n","protected":false},"author":1,"featured_media":3375,"comment_status":"closed","ping_status":"closed","sticky":false,"template":"","format":"standard","meta":{"footnotes":""},"categories":[34],"tags":[],"class_list":["post-3374","post","type-post","status-publish","format-standard","has-post-thumbnail","hentry","category-allgemein"],"featured_image_urls":{"full":["https:\/\/agronoticias.es\/de\/wp-content\/uploads\/2025\/09\/PISTACHEROS-ALBACETE.jpg",693,303,false],"thumbnail":["https:\/\/agronoticias.es\/de\/wp-content\/uploads\/2025\/09\/PISTACHEROS-ALBACETE-150x150.jpg",150,150,true],"medium":["https:\/\/agronoticias.es\/de\/wp-content\/uploads\/2025\/09\/PISTACHEROS-ALBACETE-300x131.jpg",300,131,true],"medium_large":["https:\/\/agronoticias.es\/de\/wp-content\/uploads\/2025\/09\/PISTACHEROS-ALBACETE.jpg",640,280,false],"large":["https:\/\/agronoticias.es\/de\/wp-content\/uploads\/2025\/09\/PISTACHEROS-ALBACETE.jpg",640,280,false],"1536x1536":["https:\/\/agronoticias.es\/de\/wp-content\/uploads\/2025\/09\/PISTACHEROS-ALBACETE.jpg",693,303,false],"2048x2048":["https:\/\/agronoticias.es\/de\/wp-content\/uploads\/2025\/09\/PISTACHEROS-ALBACETE.jpg",693,303,false],"morenews-large":["https:\/\/agronoticias.es\/de\/wp-content\/uploads\/2025\/09\/PISTACHEROS-ALBACETE.jpg",693,303,false],"morenews-medium":["https:\/\/agronoticias.es\/de\/wp-content\/uploads\/2025\/09\/PISTACHEROS-ALBACETE-590x303.jpg",590,303,true]},"author_info":{"display_name":"admin","author_link":"https:\/\/agronoticias.es\/de\/author\/admin\/"},"category_info":"<a href=\"https:\/\/agronoticias.es\/de\/category\/allgemein\/\" rel=\"category tag\">Allgemein<\/a>","tag_info":"Allgemein","comment_count":"0","_links":{"self":[{"href":"https:\/\/agronoticias.es\/de\/wp-json\/wp\/v2\/posts\/3374","targetHints":{"allow":["GET"]}}],"collection":[{"href":"https:\/\/agronoticias.es\/de\/wp-json\/wp\/v2\/posts"}],"about":[{"href":"https:\/\/agronoticias.es\/de\/wp-json\/wp\/v2\/types\/post"}],"author":[{"embeddable":true,"href":"https:\/\/agronoticias.es\/de\/wp-json\/wp\/v2\/users\/1"}],"replies":[{"embeddable":true,"href":"https:\/\/agronoticias.es\/de\/wp-json\/wp\/v2\/comments?post=3374"}],"version-history":[{"count":2,"href":"https:\/\/agronoticias.es\/de\/wp-json\/wp\/v2\/posts\/3374\/revisions"}],"predecessor-version":[{"id":3377,"href":"https:\/\/agronoticias.es\/de\/wp-json\/wp\/v2\/posts\/3374\/revisions\/3377"}],"wp:featuredmedia":[{"embeddable":true,"href":"https:\/\/agronoticias.es\/de\/wp-json\/wp\/v2\/media\/3375"}],"wp:attachment":[{"href":"https:\/\/agronoticias.es\/de\/wp-json\/wp\/v2\/media?parent=3374"}],"wp:term":[{"taxonomy":"category","embeddable":true,"href":"https:\/\/agronoticias.es\/de\/wp-json\/wp\/v2\/categories?post=3374"},{"taxonomy":"post_tag","embeddable":true,"href":"https:\/\/agronoticias.es\/de\/wp-json\/wp\/v2\/tags?post=3374"}],"curies":[{"name":"wp","href":"https:\/\/api.w.org\/{rel}","templated":true}]}}