{"id":3345,"date":"2025-09-12T12:07:15","date_gmt":"2025-09-12T10:07:15","guid":{"rendered":"https:\/\/agronoticias.es\/de\/?p=3345"},"modified":"2025-09-12T12:07:16","modified_gmt":"2025-09-12T10:07:16","slug":"spanien-start-der-neuen-zitronen-und-grapefruit-kampagne","status":"publish","type":"post","link":"https:\/\/agronoticias.es\/de\/spanien-start-der-neuen-zitronen-und-grapefruit-kampagne\/","title":{"rendered":"Spanien &#8211; Start der neuen Zitronen- und Grapefruit-Kampagne"},"content":{"rendered":"\n<p><\/p>\n\n\n\n<p>Der Branchenverband AILIMPO hat Ende KW 37 zusammen mit den Agarorganisationen, Genossenschaften, Exporteuren und der Industrie die Erntesch\u00e4tzung best\u00e4tigt und die strategischen Leitlinien f\u00fcr die neue Zitronenkampagne festgelegt, die sich auf zwei Ziele konzentrieren: die F\u00fchrungsposition von Lim\u00f3n de Espa\u00f1a<strong>\u00ae<\/strong> mit der Garantie f\u00fcr europ\u00e4ische Herkunft und Frische zu festigen und Rentabilit\u00e4t f\u00fcr alle Glieder der Kette zu erwirtschaften.<\/p>\n\n\n\n<p>Die Sch\u00e4tzung der Zitronenernte von AILIMPO f\u00fcr die kommende Saison 2025\/26 geht von einer spanischen Produktion von 1.027.000 t aus, was einem R\u00fcckgang von 18 % gegen\u00fcber&nbsp; der Kampagne 2024\/25 entspricht, die mit einer Endproduktion von 1.254.000 t abschlie\u00dft, laut der vorl\u00e4ufigen Bilanz, die exportierte, verarbeitete und auf dem Inlandsmarkt vermarktete Fr\u00fcchte sowie Gewichtsverluste und K\u00e4ltesch\u00e4den ber\u00fccksichtigt.<\/p>\n\n\n\n<p>Was die Sorten angeht, so wird es trotz einer nahezu unver\u00e4nderten Gesamtanbaufl\u00e4che von rund 50.000 ha bei Fino einen R\u00fcckgang von 15 % und bei Verna von 25 % geben. Grund daf\u00fcr sind die Auswirkungen des Klimawandels mit ung\u00fcnstigen Bedingungen in der Bl\u00fcte- und Fruchtansatzphase sowie die hohen Niederschl\u00e4gen im Fr\u00fchjahr und \u00fcberdurchschnittlich hohen Temperaturen im Juni.<\/p>\n\n\n\n<p>Ailimpo: \u201eDie Bem\u00fchungen und die Arbeit der Erzeuger, unterst\u00fctzt durch das Projekt AGEFIS von AILIMPO zur \u00dcberwachung des Pflanzenschutzes, das durch die Erweiterung der Norm finanziert wird, haben in dieser Saison zu einer h\u00f6heren Effizienz bei der Sch\u00e4dlingsbek\u00e4mpfung gef\u00fchrt, was eine bessere Qualit\u00e4t der Fr\u00fcchte und eine bessere kommerzielle Nutzung f\u00fcr den Frischmarkt erm\u00f6glicht.\u201c<\/p>\n\n\n\n<p><strong>Produktion Zitronen fino (t)<\/strong><\/p>\n\n\n\n<figure class=\"wp-block-table\"><table class=\"has-fixed-layout\"><tbody><tr><td><strong>2019\/2020<\/strong><\/td><td><strong>2020\/2021<\/strong><\/td><td><strong>2021\/2022<\/strong><\/td><td><strong>2022\/2023<\/strong><\/td><td><strong>2023\/2024<\/strong><\/td><td><strong>2024\/2025<\/strong><\/td><td><strong>2025\/2026<\/strong><\/td><\/tr><tr><td>830.000<\/td><td>980.000<\/td><td>820.000<\/td><td>760.000<\/td><td>1.190.000<\/td><td>864.500<\/td><td><strong>735.000<\/strong><\/td><\/tr><\/tbody><\/table><\/figure>\n\n\n\n<p>Grapefruits<\/p>\n\n\n\n<p>Die Ernteprognose von AILIMPO f\u00fcr die kommende Saison 2025\/26 sieht eine Produktion in Spanien von 101.660 t vor, was einem leichten R\u00fcckgang von 5 % gegen\u00fcber der Saison 2024\/25 entspricht, die mit einer Endproduktion von 107.010 Tonnen abgeschlossen wurde, gem\u00e4\u00df der vorl\u00e4ufigen Bilanz, die die exportierten, verarbeiteten und auf dem Inlandsmarkt vermarkteten Fr\u00fcchte sowie Gewichtsverluste ber\u00fccksichtigt.<\/p>\n\n\n\n<p><strong>Produktion Grapefruits (t)<\/strong><\/p>\n\n\n\n<figure class=\"wp-block-table\"><table class=\"has-fixed-layout\"><tbody><tr><td><strong>2019\/2020<\/strong><\/td><td><strong>2020\/2021<\/strong><\/td><td><strong>2021\/2022<\/strong><\/td><td><strong>2022\/2023<\/strong><\/td><td><strong>2023\/2024<\/strong><\/td><td><strong>2024\/2025<\/strong><\/td><td><strong>2025\/2026<\/strong><\/td><\/tr><tr><td>82.159<\/td><td>96.889<\/td><td>93.375<\/td><td>88.942<\/td><td>102.238<\/td><td>107.010<\/td><td><strong>101.660<\/strong><\/td><\/tr><\/tbody><\/table><\/figure>\n\n\n\n<p>Quelle und Foto: Ailimpo<\/p>\n","protected":false},"excerpt":{"rendered":"<p>Der Branchenverband AILIMPO hat Ende KW 37 zusammen mit den Agarorganisationen, Genossenschaften, Exporteuren und der Industrie die Erntesch\u00e4tzung<\/p>\n","protected":false},"author":1,"featured_media":3346,"comment_status":"closed","ping_status":"closed","sticky":false,"template":"","format":"standard","meta":{"footnotes":""},"categories":[34],"tags":[],"class_list":["post-3345","post","type-post","status-publish","format-standard","has-post-thumbnail","hentry","category-allgemein"],"featured_image_urls":{"full":["https:\/\/agronoticias.es\/de\/wp-content\/uploads\/2025\/09\/Ailimpo-limones-768x513-1.jpg",768,513,false],"thumbnail":["https:\/\/agronoticias.es\/de\/wp-content\/uploads\/2025\/09\/Ailimpo-limones-768x513-1-150x150.jpg",150,150,true],"medium":["https:\/\/agronoticias.es\/de\/wp-content\/uploads\/2025\/09\/Ailimpo-limones-768x513-1-300x200.jpg",300,200,true],"medium_large":["https:\/\/agronoticias.es\/de\/wp-content\/uploads\/2025\/09\/Ailimpo-limones-768x513-1.jpg",640,428,false],"large":["https:\/\/agronoticias.es\/de\/wp-content\/uploads\/2025\/09\/Ailimpo-limones-768x513-1.jpg",640,428,false],"1536x1536":["https:\/\/agronoticias.es\/de\/wp-content\/uploads\/2025\/09\/Ailimpo-limones-768x513-1.jpg",768,513,false],"2048x2048":["https:\/\/agronoticias.es\/de\/wp-content\/uploads\/2025\/09\/Ailimpo-limones-768x513-1.jpg",768,513,false],"morenews-large":["https:\/\/agronoticias.es\/de\/wp-content\/uploads\/2025\/09\/Ailimpo-limones-768x513-1.jpg",768,513,false],"morenews-medium":["https:\/\/agronoticias.es\/de\/wp-content\/uploads\/2025\/09\/Ailimpo-limones-768x513-1-590x410.jpg",590,410,true]},"author_info":{"display_name":"admin","author_link":"https:\/\/agronoticias.es\/de\/author\/admin\/"},"category_info":"<a href=\"https:\/\/agronoticias.es\/de\/category\/allgemein\/\" rel=\"category tag\">Allgemein<\/a>","tag_info":"Allgemein","comment_count":"0","_links":{"self":[{"href":"https:\/\/agronoticias.es\/de\/wp-json\/wp\/v2\/posts\/3345","targetHints":{"allow":["GET"]}}],"collection":[{"href":"https:\/\/agronoticias.es\/de\/wp-json\/wp\/v2\/posts"}],"about":[{"href":"https:\/\/agronoticias.es\/de\/wp-json\/wp\/v2\/types\/post"}],"author":[{"embeddable":true,"href":"https:\/\/agronoticias.es\/de\/wp-json\/wp\/v2\/users\/1"}],"replies":[{"embeddable":true,"href":"https:\/\/agronoticias.es\/de\/wp-json\/wp\/v2\/comments?post=3345"}],"version-history":[{"count":1,"href":"https:\/\/agronoticias.es\/de\/wp-json\/wp\/v2\/posts\/3345\/revisions"}],"predecessor-version":[{"id":3347,"href":"https:\/\/agronoticias.es\/de\/wp-json\/wp\/v2\/posts\/3345\/revisions\/3347"}],"wp:featuredmedia":[{"embeddable":true,"href":"https:\/\/agronoticias.es\/de\/wp-json\/wp\/v2\/media\/3346"}],"wp:attachment":[{"href":"https:\/\/agronoticias.es\/de\/wp-json\/wp\/v2\/media?parent=3345"}],"wp:term":[{"taxonomy":"category","embeddable":true,"href":"https:\/\/agronoticias.es\/de\/wp-json\/wp\/v2\/categories?post=3345"},{"taxonomy":"post_tag","embeddable":true,"href":"https:\/\/agronoticias.es\/de\/wp-json\/wp\/v2\/tags?post=3345"}],"curies":[{"name":"wp","href":"https:\/\/api.w.org\/{rel}","templated":true}]}}