{"id":3341,"date":"2025-09-11T11:21:14","date_gmt":"2025-09-11T09:21:14","guid":{"rendered":"https:\/\/agronoticias.es\/de\/?p=3341"},"modified":"2025-09-11T11:22:34","modified_gmt":"2025-09-11T09:22:34","slug":"bauernverband-kritisiert-von-der-leyens-rede-zur-lage-der-europaischen-union","status":"publish","type":"post","link":"https:\/\/agronoticias.es\/de\/bauernverband-kritisiert-von-der-leyens-rede-zur-lage-der-europaischen-union\/","title":{"rendered":"Bauernverband kritisiert von der Leyens Rede zur Lage der Europ\u00e4ischen Union"},"content":{"rendered":"\n<p><\/p>\n\n\n\n<p>Der Pr\u00e4sident des Deutschen Bauernverbands, Joachim Rukwied, \u00e4u\u00dfert sich anl\u00e4sslich der Rede zur Lage der Europ\u00e4ischen Union von EU-Kommissionspr\u00e4sidentin Ursula von der Leyen kritisch: \u201eVon dem Versprechen der Kommission, in ihrem ersten Amtsjahr die Wettbewerbsf\u00e4higkeit der Landwirte und den Sektor allgemein durch zukunftsorientierte Vorschl\u00e4ge zu st\u00e4rken, kommt in der Praxis bisher kaum etwas an. Lippenbekenntnisse allein bringen uns nicht weiter.\u201c<\/p>\n\n\n\n<p>Zwar stimmen die neuen Grundprinzipien der europ\u00e4ischen Politik, z. B. den Fokus auf anreizbasierte und kooperative Vorschl\u00e4ge f\u00fcr die Weiterentwicklung der Landwirtschaft zu legen, wie sie u .a. in der Vision f\u00fcr die Landwirtschaft enthalten sind. \u201eIn der Realit\u00e4t w\u00e4chst die Belastung f\u00fcr unsere Betriebe jedoch von Tag zu Tag weiter. Von der vorgeschlagenen Umstrukturierung des EU-Haushalts und der Gemeinsamen Agrarpolitik, \u00fcber den US-Deal und das Mercosur-Abkommen bis zum Vertragszwang in der Lieferkette \u2013 bisher verfehlt die EU-Politik das Ziel zur St\u00e4rkung der europ\u00e4ischen Landwirtschaft deutlich,\u201c so Rukwied.<\/p>\n\n\n\n<p>Um den Sektor zu entlasten, st\u00fcnde f\u00fcr die deutschen Bauern vor allem eine umfassende Vereinfachung der bestehenden Agrar- und Umweltgesetzgebung im Vordergrund. Aber auch bei den neuen Vorschl\u00e4gen zum EU-Haushalt und der GAP m\u00fcsse eine Kurskorrektur erfolgen. \u201eDie EU-Institutionen m\u00fcssen jetzt schnell und umfangreich liefern. Um Zukunftsperspektiven zu erhalten, brauchen wir umgehend einen ernstgemeinten Politikwechsel,\u201c so Bauernpr\u00e4sident Rukwied. Quelle: Deutscher Bauernverband<\/p>\n","protected":false},"excerpt":{"rendered":"<p>Der Pr\u00e4sident des Deutschen Bauernverbands, Joachim Rukwied, \u00e4u\u00dfert sich anl\u00e4sslich der Rede zur Lage der Europ\u00e4ischen Union von<\/p>\n","protected":false},"author":1,"featured_media":3344,"comment_status":"closed","ping_status":"closed","sticky":false,"template":"","format":"standard","meta":{"footnotes":""},"categories":[34],"tags":[],"class_list":["post-3341","post","type-post","status-publish","format-standard","has-post-thumbnail","hentry","category-allgemein"],"featured_image_urls":{"full":["https:\/\/agronoticias.es\/de\/wp-content\/uploads\/2025\/09\/Rede-Lage-EU-van-der-Leyen.jpg",799,533,false],"thumbnail":["https:\/\/agronoticias.es\/de\/wp-content\/uploads\/2025\/09\/Rede-Lage-EU-van-der-Leyen-150x150.jpg",150,150,true],"medium":["https:\/\/agronoticias.es\/de\/wp-content\/uploads\/2025\/09\/Rede-Lage-EU-van-der-Leyen-300x200.jpg",300,200,true],"medium_large":["https:\/\/agronoticias.es\/de\/wp-content\/uploads\/2025\/09\/Rede-Lage-EU-van-der-Leyen-768x512.jpg",640,427,true],"large":["https:\/\/agronoticias.es\/de\/wp-content\/uploads\/2025\/09\/Rede-Lage-EU-van-der-Leyen.jpg",640,427,false],"1536x1536":["https:\/\/agronoticias.es\/de\/wp-content\/uploads\/2025\/09\/Rede-Lage-EU-van-der-Leyen.jpg",799,533,false],"2048x2048":["https:\/\/agronoticias.es\/de\/wp-content\/uploads\/2025\/09\/Rede-Lage-EU-van-der-Leyen.jpg",799,533,false],"morenews-large":["https:\/\/agronoticias.es\/de\/wp-content\/uploads\/2025\/09\/Rede-Lage-EU-van-der-Leyen.jpg",799,533,false],"morenews-medium":["https:\/\/agronoticias.es\/de\/wp-content\/uploads\/2025\/09\/Rede-Lage-EU-van-der-Leyen-590x410.jpg",590,410,true]},"author_info":{"display_name":"admin","author_link":"https:\/\/agronoticias.es\/de\/author\/admin\/"},"category_info":"<a href=\"https:\/\/agronoticias.es\/de\/category\/allgemein\/\" rel=\"category tag\">Allgemein<\/a>","tag_info":"Allgemein","comment_count":"0","_links":{"self":[{"href":"https:\/\/agronoticias.es\/de\/wp-json\/wp\/v2\/posts\/3341","targetHints":{"allow":["GET"]}}],"collection":[{"href":"https:\/\/agronoticias.es\/de\/wp-json\/wp\/v2\/posts"}],"about":[{"href":"https:\/\/agronoticias.es\/de\/wp-json\/wp\/v2\/types\/post"}],"author":[{"embeddable":true,"href":"https:\/\/agronoticias.es\/de\/wp-json\/wp\/v2\/users\/1"}],"replies":[{"embeddable":true,"href":"https:\/\/agronoticias.es\/de\/wp-json\/wp\/v2\/comments?post=3341"}],"version-history":[{"count":1,"href":"https:\/\/agronoticias.es\/de\/wp-json\/wp\/v2\/posts\/3341\/revisions"}],"predecessor-version":[{"id":3343,"href":"https:\/\/agronoticias.es\/de\/wp-json\/wp\/v2\/posts\/3341\/revisions\/3343"}],"wp:featuredmedia":[{"embeddable":true,"href":"https:\/\/agronoticias.es\/de\/wp-json\/wp\/v2\/media\/3344"}],"wp:attachment":[{"href":"https:\/\/agronoticias.es\/de\/wp-json\/wp\/v2\/media?parent=3341"}],"wp:term":[{"taxonomy":"category","embeddable":true,"href":"https:\/\/agronoticias.es\/de\/wp-json\/wp\/v2\/categories?post=3341"},{"taxonomy":"post_tag","embeddable":true,"href":"https:\/\/agronoticias.es\/de\/wp-json\/wp\/v2\/tags?post=3341"}],"curies":[{"name":"wp","href":"https:\/\/api.w.org\/{rel}","templated":true}]}}