{"id":3332,"date":"2025-09-09T17:25:08","date_gmt":"2025-09-09T15:25:08","guid":{"rendered":"https:\/\/agronoticias.es\/de\/?p=3332"},"modified":"2025-09-09T17:25:08","modified_gmt":"2025-09-09T15:25:08","slug":"valencia-preise-citrusborse-woche-37-2025","status":"publish","type":"post","link":"https:\/\/agronoticias.es\/de\/valencia-preise-citrusborse-woche-37-2025\/","title":{"rendered":"Valencia Preise Citrusb\u00f6rse Woche 37\/2025"},"content":{"rendered":"\n<p> Kommentar: Verst\u00e4rkte Kaufaktivit\u00e4t bei Mandarinen und Beginn der Satsuma-Ernte. Der n\u00e4chste Preisbericht f\u00fcr Citrus wird am Montag, dem 15. September 2025, ver\u00f6ffentlicht.<\/p>\n\n\n\n<p>Mehr Information<\/p>\n\n\n\n<p><a href=\"https:\/\/precioscitricos.com\/\">https:\/\/precioscitricos.com\/<\/a> <\/p>\n\n\n\n<p><\/p>\n","protected":false},"excerpt":{"rendered":"<p>Kommentar: Verst\u00e4rkte Kaufaktivit\u00e4t bei Mandarinen und Beginn der Satsuma-Ernte. Der n\u00e4chste Preisbericht f\u00fcr Citrus wird am Montag, dem<\/p>\n","protected":false},"author":1,"featured_media":3333,"comment_status":"closed","ping_status":"closed","sticky":false,"template":"","format":"standard","meta":{"footnotes":""},"categories":[34],"tags":[],"class_list":["post-3332","post","type-post","status-publish","format-standard","has-post-thumbnail","hentry","category-allgemein"],"featured_image_urls":{"full":["https:\/\/agronoticias.es\/de\/wp-content\/uploads\/2025\/09\/citricos-precio-768x510-1.jpg",768,510,false],"thumbnail":["https:\/\/agronoticias.es\/de\/wp-content\/uploads\/2025\/09\/citricos-precio-768x510-1-150x150.jpg",150,150,true],"medium":["https:\/\/agronoticias.es\/de\/wp-content\/uploads\/2025\/09\/citricos-precio-768x510-1-300x199.jpg",300,199,true],"medium_large":["https:\/\/agronoticias.es\/de\/wp-content\/uploads\/2025\/09\/citricos-precio-768x510-1.jpg",640,425,false],"large":["https:\/\/agronoticias.es\/de\/wp-content\/uploads\/2025\/09\/citricos-precio-768x510-1.jpg",640,425,false],"1536x1536":["https:\/\/agronoticias.es\/de\/wp-content\/uploads\/2025\/09\/citricos-precio-768x510-1.jpg",768,510,false],"2048x2048":["https:\/\/agronoticias.es\/de\/wp-content\/uploads\/2025\/09\/citricos-precio-768x510-1.jpg",768,510,false],"morenews-large":["https:\/\/agronoticias.es\/de\/wp-content\/uploads\/2025\/09\/citricos-precio-768x510-1.jpg",768,510,false],"morenews-medium":["https:\/\/agronoticias.es\/de\/wp-content\/uploads\/2025\/09\/citricos-precio-768x510-1-590x410.jpg",590,410,true]},"author_info":{"display_name":"admin","author_link":"https:\/\/agronoticias.es\/de\/author\/admin\/"},"category_info":"<a href=\"https:\/\/agronoticias.es\/de\/category\/allgemein\/\" rel=\"category tag\">Allgemein<\/a>","tag_info":"Allgemein","comment_count":"0","_links":{"self":[{"href":"https:\/\/agronoticias.es\/de\/wp-json\/wp\/v2\/posts\/3332","targetHints":{"allow":["GET"]}}],"collection":[{"href":"https:\/\/agronoticias.es\/de\/wp-json\/wp\/v2\/posts"}],"about":[{"href":"https:\/\/agronoticias.es\/de\/wp-json\/wp\/v2\/types\/post"}],"author":[{"embeddable":true,"href":"https:\/\/agronoticias.es\/de\/wp-json\/wp\/v2\/users\/1"}],"replies":[{"embeddable":true,"href":"https:\/\/agronoticias.es\/de\/wp-json\/wp\/v2\/comments?post=3332"}],"version-history":[{"count":1,"href":"https:\/\/agronoticias.es\/de\/wp-json\/wp\/v2\/posts\/3332\/revisions"}],"predecessor-version":[{"id":3334,"href":"https:\/\/agronoticias.es\/de\/wp-json\/wp\/v2\/posts\/3332\/revisions\/3334"}],"wp:featuredmedia":[{"embeddable":true,"href":"https:\/\/agronoticias.es\/de\/wp-json\/wp\/v2\/media\/3333"}],"wp:attachment":[{"href":"https:\/\/agronoticias.es\/de\/wp-json\/wp\/v2\/media?parent=3332"}],"wp:term":[{"taxonomy":"category","embeddable":true,"href":"https:\/\/agronoticias.es\/de\/wp-json\/wp\/v2\/categories?post=3332"},{"taxonomy":"post_tag","embeddable":true,"href":"https:\/\/agronoticias.es\/de\/wp-json\/wp\/v2\/tags?post=3332"}],"curies":[{"name":"wp","href":"https:\/\/api.w.org\/{rel}","templated":true}]}}