{"id":3329,"date":"2025-09-09T10:52:57","date_gmt":"2025-09-09T08:52:57","guid":{"rendered":"https:\/\/agronoticias.es\/de\/?p=3329"},"modified":"2025-09-09T10:52:58","modified_gmt":"2025-09-09T08:52:58","slug":"lidl-schweiz-setzt-weiter-auf-nachhaltigkeit-und-lanciert-neue-website","status":"publish","type":"post","link":"https:\/\/agronoticias.es\/de\/lidl-schweiz-setzt-weiter-auf-nachhaltigkeit-und-lanciert-neue-website\/","title":{"rendered":"Lidl Schweiz setzt weiter auf Nachhaltigkeit und lanciert neue Website"},"content":{"rendered":"\n<p><\/p>\n\n\n\n<p>Lidl Schweiz bekr\u00e4ftigt sein starkes Engagement f\u00fcr Nachhaltigkeit mit einem neuen Kommunikationsansatz: Das Unternehmen hat eine komplett \u00fcberarbeitete Nachhaltigkeitswebseite lanciert, um Zahlen, Fakten und Projekte noch transparenter und nahbarer zu pr\u00e4sentieren. Die Website \u00abGesagt, getan\u00bb bietet spannende Einblicke in das nachhaltige Handeln von Lidl Schweiz.<\/p>\n\n\n\n<p>Nachhaltigkeit hat bei Lidl Schweiz einen unver\u00e4ndert hohen Stellenwert. Um dieses Engagement noch transparenter und nahbarer zu kommunizieren, wurde die \u00abGesagt, getan\u00bb-Website neu gestaltet. Die Website bietet eine noch benutzerfreundlichere Oberfl\u00e4che, um sich \u00fcber das Nachhaltigkeitsengagement von Lidl Schweiz zu informieren. Dabei ist es dem Detailh\u00e4ndler besonders wichtig, die Stakeholder aktiv in den Dialog einzubeziehen, um gemeinsam L\u00f6sungen zu entwickeln und nachhaltige Ver\u00e4nderungen voranzutreiben.<\/p>\n\n\n\n<p>\u00abMit der neuen Website schaffen wir eine Plattform, die nicht nur informiert, sondern den Dialog mit den verschiedenen Stakeholdern f\u00f6rdern soll. Unser Ziel ist es, Nachhaltigkeit greifbar zu machen und Menschen zu verantwortungsvollem Handeln zu inspirieren&nbsp; \u2013 durch echte Geschichten, klare Fakten und die Menschen, die dahinterstehen. Wir werden auch in Zukunft weiter in die Nachhaltigkeit investieren\u00bb so Grazia Grassi, Head of Corporate Affairs.<\/p>\n\n\n\n<p>Neuer Nachhaltigkeitsbericht und Nachhaltigkeitsmagazin<\/p>\n\n\n\n<p>Gleichzeitig mit dem Relaunch ver\u00f6ffentlicht Lidl Schweiz seinen neuesten Nachhaltigkeitsbericht Gesch\u00e4ftsjahr 2023\/2024. Zus\u00e4tzlich erscheint die erste Ausgabe des Nachhaltigkeitsmagazins, das die komplexen Themen f\u00fcr ein breiteres Publikum zug\u00e4nglich macht.<\/p>\n\n\n\n<p>Der Nachhaltigkeitsbericht Gesch\u00e4ftsjahr 2023\/2024 zeigt eindr\u00fccklich, wie Lidl Schweiz Fortschritte erzielt:<\/p>\n\n\n\n<p>\u00b7&nbsp;&nbsp;&nbsp;&nbsp; &nbsp;&nbsp;&nbsp;In 75.40 % der Filialen werden bereits nat\u00fcrliche K\u00e4ltemittel zur Produktk\u00fchlung eingesetzt.&nbsp; Bis Ende 2030 m\u00f6chte Lidl Schweiz bei 100% der Filialen nat\u00fcrliche K\u00e4ltemittel zur Produktk\u00fchlung einsetzen.<\/p>\n\n\n\n<p>\u00b7&nbsp;&nbsp;&nbsp;&nbsp;&nbsp;&nbsp;&nbsp; Rund 22 % der Filialbelieferung (in Kilometern) erfolgte fossilfrei. Damit hat das Unternehmen das gesetzte Ziel von 20% vorzeitig erreicht.<\/p>\n\n\n\n<p>\u00b7&nbsp;&nbsp;&nbsp;&nbsp;&nbsp;&nbsp;&nbsp; Das Label \u00abOft l\u00e4nger gut\u00bb ist auf \u00fcber 245 Verpackungen zu finden und hilft, Food Waste zu reduzieren.<\/p>\n\n\n\n<p>\u00b7&nbsp;&nbsp;&nbsp;&nbsp;&nbsp;&nbsp;&nbsp; Die Preise von \u00fcber 130 Bio-Produkten wurden gesenkt \u2013 das entspricht \u00fcber einem Drittel des dauerhaft verf\u00fcgbaren Bio-Sortiments.<\/p>\n\n\n\n<p>\u00b7&nbsp;&nbsp;&nbsp;&nbsp;&nbsp;&nbsp;&nbsp; \u00dcber 2&#8217;500 Tonnen Lebensmittel konnten dank Retters\u00e4ckli und Kooperationen mit Lebensmittelhilfeorganisationen gerettet werden.<\/p>\n\n\n\n<p>\u00b7&nbsp;&nbsp;&nbsp;&nbsp;&nbsp;&nbsp;&nbsp; Mit einem Mindestlohn von CHF 4&#8217;550.\u2013 zahlt Lidl Schweiz weiterhin den h\u00f6chsten GAV-abgesicherten Lohn der Branche.<\/p>\n\n\n\n<p>\u00b7&nbsp;&nbsp;&nbsp;&nbsp;&nbsp;&nbsp;&nbsp; Bereits zum f\u00fcnften Mal in Folge wurde Lidl Schweiz als Top Employer ausgezeichnet.<\/p>\n\n\n\n<p>Quelle und Foto: Lidl Schweiz<\/p>\n","protected":false},"excerpt":{"rendered":"<p>Lidl Schweiz bekr\u00e4ftigt sein starkes Engagement f\u00fcr Nachhaltigkeit mit einem neuen Kommunikationsansatz: Das Unternehmen hat eine komplett \u00fcberarbeitete<\/p>\n","protected":false},"author":1,"featured_media":3330,"comment_status":"closed","ping_status":"closed","sticky":false,"template":"","format":"standard","meta":{"footnotes":""},"categories":[34],"tags":[],"class_list":["post-3329","post","type-post","status-publish","format-standard","has-post-thumbnail","hentry","category-allgemein"],"featured_image_urls":{"full":["https:\/\/agronoticias.es\/de\/wp-content\/uploads\/2025\/09\/Lidl-Schweiz-Nachhaltigkeit.jpg",500,333,false],"thumbnail":["https:\/\/agronoticias.es\/de\/wp-content\/uploads\/2025\/09\/Lidl-Schweiz-Nachhaltigkeit-150x150.jpg",150,150,true],"medium":["https:\/\/agronoticias.es\/de\/wp-content\/uploads\/2025\/09\/Lidl-Schweiz-Nachhaltigkeit-300x200.jpg",300,200,true],"medium_large":["https:\/\/agronoticias.es\/de\/wp-content\/uploads\/2025\/09\/Lidl-Schweiz-Nachhaltigkeit.jpg",500,333,false],"large":["https:\/\/agronoticias.es\/de\/wp-content\/uploads\/2025\/09\/Lidl-Schweiz-Nachhaltigkeit.jpg",500,333,false],"1536x1536":["https:\/\/agronoticias.es\/de\/wp-content\/uploads\/2025\/09\/Lidl-Schweiz-Nachhaltigkeit.jpg",500,333,false],"2048x2048":["https:\/\/agronoticias.es\/de\/wp-content\/uploads\/2025\/09\/Lidl-Schweiz-Nachhaltigkeit.jpg",500,333,false],"morenews-large":["https:\/\/agronoticias.es\/de\/wp-content\/uploads\/2025\/09\/Lidl-Schweiz-Nachhaltigkeit.jpg",500,333,false],"morenews-medium":["https:\/\/agronoticias.es\/de\/wp-content\/uploads\/2025\/09\/Lidl-Schweiz-Nachhaltigkeit.jpg",500,333,false]},"author_info":{"display_name":"admin","author_link":"https:\/\/agronoticias.es\/de\/author\/admin\/"},"category_info":"<a href=\"https:\/\/agronoticias.es\/de\/category\/allgemein\/\" rel=\"category tag\">Allgemein<\/a>","tag_info":"Allgemein","comment_count":"0","_links":{"self":[{"href":"https:\/\/agronoticias.es\/de\/wp-json\/wp\/v2\/posts\/3329","targetHints":{"allow":["GET"]}}],"collection":[{"href":"https:\/\/agronoticias.es\/de\/wp-json\/wp\/v2\/posts"}],"about":[{"href":"https:\/\/agronoticias.es\/de\/wp-json\/wp\/v2\/types\/post"}],"author":[{"embeddable":true,"href":"https:\/\/agronoticias.es\/de\/wp-json\/wp\/v2\/users\/1"}],"replies":[{"embeddable":true,"href":"https:\/\/agronoticias.es\/de\/wp-json\/wp\/v2\/comments?post=3329"}],"version-history":[{"count":1,"href":"https:\/\/agronoticias.es\/de\/wp-json\/wp\/v2\/posts\/3329\/revisions"}],"predecessor-version":[{"id":3331,"href":"https:\/\/agronoticias.es\/de\/wp-json\/wp\/v2\/posts\/3329\/revisions\/3331"}],"wp:featuredmedia":[{"embeddable":true,"href":"https:\/\/agronoticias.es\/de\/wp-json\/wp\/v2\/media\/3330"}],"wp:attachment":[{"href":"https:\/\/agronoticias.es\/de\/wp-json\/wp\/v2\/media?parent=3329"}],"wp:term":[{"taxonomy":"category","embeddable":true,"href":"https:\/\/agronoticias.es\/de\/wp-json\/wp\/v2\/categories?post=3329"},{"taxonomy":"post_tag","embeddable":true,"href":"https:\/\/agronoticias.es\/de\/wp-json\/wp\/v2\/tags?post=3329"}],"curies":[{"name":"wp","href":"https:\/\/api.w.org\/{rel}","templated":true}]}}