{"id":3322,"date":"2025-09-08T16:17:08","date_gmt":"2025-09-08T14:17:08","guid":{"rendered":"https:\/\/agronoticias.es\/de\/?p=3322"},"modified":"2025-09-08T16:17:09","modified_gmt":"2025-09-08T14:17:09","slug":"langjahrige-partnerschaft-aldi-sud-feiert-15-jahre-zusammenarbeit-mit-fairtrade","status":"publish","type":"post","link":"https:\/\/agronoticias.es\/de\/langjahrige-partnerschaft-aldi-sud-feiert-15-jahre-zusammenarbeit-mit-fairtrade\/","title":{"rendered":"Langj\u00e4hrige Partnerschaft: ALDI S\u00dcD feiert 15 Jahre Zusammenarbeit mit Fairtrade"},"content":{"rendered":"\n<p><\/p>\n\n\n\n<p>ALDI S\u00dcD engagiert sich seit vielen Jahren f\u00fcr fairen Handel und faire Produktionsbedingungen. Jetzt steht beim Discounter ein besonderes Jubil\u00e4um an: Bereits seit 15 Jahren arbeitet ALDI S\u00dcD mit Fairtrade zusammen. Das erste Fairtrade-zertifizierte Produkt im Jahr 2010 war Kaffee aus fairen Produktionsbedingungen. Heute bietet ALDI S\u00dcD \u00fcber das Jahr verteilt mehr als 190 Produkte mit dem Fairtrade-Siegel an1.<\/p>\n\n\n\n<p>ALDI S\u00dcD arbeitet seit 15 Jahren mit Fairtrade zusammen und setzt sich f\u00fcr fairen Handel und nachhaltigere Lieferketten ein. Als Teil seiner Nachhaltigkeitsstrategie baut ALDI S\u00dcD sein Sortiment an Fairtrade-zertifizierten Produkten weiter aus. Seit 2017 sind 100 Prozent der Eigenmarken-Bananen Fairtrade- oder nach einem anderen anerkannten Standardgeber zertifiziert. Auch das gesamte Eigenmarkensortiment an Kaffee2, Tee3 und kakaohaltigen4 Produkten ist entsprechend zertifiziert. ALDI S\u00dcD bietet dar\u00fcber hinaus z.B. auch Limetten, Zucker, Blumen und Pflanzen an, die Fairtrade-zertifiziert sind. Zudem wird beispielsweise in ausgew\u00e4hlten Warenbereichen wie bei Cerealien, Tafelschokoladen, saisonalen S\u00fc\u00dfwaren oder Nussaufstrichen ausschlie\u00dflich Fairtrade-zertifizierter Kakao eingesetzt. Das gilt auch f\u00fcr die Eigenmarke MOSER ROTH.<\/p>\n\n\n\n<p>,,Als Grundversorger tragen wir Verantwortung f\u00fcr Mensch und Umwelt \u2014 auch entlang unserer Lieferketten. Unsere langj\u00e4hrige Zusammenarbeit mit Fairtrade ist daher seit vielen Jahren fester Bestandteil unserer Nachhaltigkeitsstrategie\u2018\u2018, sagt Maximilian Vogt, Director Sustainability bei ALDI S\u00dcD und f\u00fcgt hinzu: \u201eUnser Ziel ist es, nachhaltigeres und faires Einkaufen f\u00fcr alle m\u00f6glich zu machen.\u201c Carsten Lorenz, Bereichsleiter Key Account Management Retail bei Fairtrade Deutschland, erg\u00e4nzt: ,,Wir danken ALDI S\u00dcD f\u00fcr 15 Jahre vertrauensvolle Partnerschaft und kontinuierliches Engagement im fairen Handel. Mit dem stetigen Ausbau der Fairtrade-Sortimente hat ALDI S\u00dcD einen bedeutenden Beitrag zur F\u00f6rderung des fairen Handels in Deutschland geleistet\u201c. Quelle und Foto: Aldi S\u00fcd <\/p>\n","protected":false},"excerpt":{"rendered":"<p>ALDI S\u00dcD engagiert sich seit vielen Jahren f\u00fcr fairen Handel und faire Produktionsbedingungen. Jetzt steht beim Discounter ein<\/p>\n","protected":false},"author":1,"featured_media":3324,"comment_status":"closed","ping_status":"closed","sticky":false,"template":"","format":"standard","meta":{"footnotes":""},"categories":[34],"tags":[],"class_list":["post-3322","post","type-post","status-publish","format-standard","has-post-thumbnail","hentry","category-allgemein"],"featured_image_urls":{"full":["https:\/\/agronoticias.es\/de\/wp-content\/uploads\/2025\/09\/Aldi-Sud-Fair-Trade.png",450,298,false],"thumbnail":["https:\/\/agronoticias.es\/de\/wp-content\/uploads\/2025\/09\/Aldi-Sud-Fair-Trade-150x150.png",150,150,true],"medium":["https:\/\/agronoticias.es\/de\/wp-content\/uploads\/2025\/09\/Aldi-Sud-Fair-Trade-300x199.png",300,199,true],"medium_large":["https:\/\/agronoticias.es\/de\/wp-content\/uploads\/2025\/09\/Aldi-Sud-Fair-Trade.png",450,298,false],"large":["https:\/\/agronoticias.es\/de\/wp-content\/uploads\/2025\/09\/Aldi-Sud-Fair-Trade.png",450,298,false],"1536x1536":["https:\/\/agronoticias.es\/de\/wp-content\/uploads\/2025\/09\/Aldi-Sud-Fair-Trade.png",450,298,false],"2048x2048":["https:\/\/agronoticias.es\/de\/wp-content\/uploads\/2025\/09\/Aldi-Sud-Fair-Trade.png",450,298,false],"morenews-large":["https:\/\/agronoticias.es\/de\/wp-content\/uploads\/2025\/09\/Aldi-Sud-Fair-Trade.png",450,298,false],"morenews-medium":["https:\/\/agronoticias.es\/de\/wp-content\/uploads\/2025\/09\/Aldi-Sud-Fair-Trade.png",450,298,false]},"author_info":{"display_name":"admin","author_link":"https:\/\/agronoticias.es\/de\/author\/admin\/"},"category_info":"<a href=\"https:\/\/agronoticias.es\/de\/category\/allgemein\/\" rel=\"category tag\">Allgemein<\/a>","tag_info":"Allgemein","comment_count":"0","_links":{"self":[{"href":"https:\/\/agronoticias.es\/de\/wp-json\/wp\/v2\/posts\/3322","targetHints":{"allow":["GET"]}}],"collection":[{"href":"https:\/\/agronoticias.es\/de\/wp-json\/wp\/v2\/posts"}],"about":[{"href":"https:\/\/agronoticias.es\/de\/wp-json\/wp\/v2\/types\/post"}],"author":[{"embeddable":true,"href":"https:\/\/agronoticias.es\/de\/wp-json\/wp\/v2\/users\/1"}],"replies":[{"embeddable":true,"href":"https:\/\/agronoticias.es\/de\/wp-json\/wp\/v2\/comments?post=3322"}],"version-history":[{"count":1,"href":"https:\/\/agronoticias.es\/de\/wp-json\/wp\/v2\/posts\/3322\/revisions"}],"predecessor-version":[{"id":3325,"href":"https:\/\/agronoticias.es\/de\/wp-json\/wp\/v2\/posts\/3322\/revisions\/3325"}],"wp:featuredmedia":[{"embeddable":true,"href":"https:\/\/agronoticias.es\/de\/wp-json\/wp\/v2\/media\/3324"}],"wp:attachment":[{"href":"https:\/\/agronoticias.es\/de\/wp-json\/wp\/v2\/media?parent=3322"}],"wp:term":[{"taxonomy":"category","embeddable":true,"href":"https:\/\/agronoticias.es\/de\/wp-json\/wp\/v2\/categories?post=3322"},{"taxonomy":"post_tag","embeddable":true,"href":"https:\/\/agronoticias.es\/de\/wp-json\/wp\/v2\/tags?post=3322"}],"curies":[{"name":"wp","href":"https:\/\/api.w.org\/{rel}","templated":true}]}}