{"id":3316,"date":"2025-09-08T12:07:41","date_gmt":"2025-09-08T10:07:41","guid":{"rendered":"https:\/\/agronoticias.es\/de\/?p=3316"},"modified":"2025-09-08T12:07:42","modified_gmt":"2025-09-08T10:07:42","slug":"erste-sitzung-der-enquete-kommission-hde-fordert-ehrliche-aufarbeitung-der-corona-masnahmen-und-ihren-wirtschaftlichen-auswirkungen","status":"publish","type":"post","link":"https:\/\/agronoticias.es\/de\/erste-sitzung-der-enquete-kommission-hde-fordert-ehrliche-aufarbeitung-der-corona-masnahmen-und-ihren-wirtschaftlichen-auswirkungen\/","title":{"rendered":"Erste Sitzung der Enquete-Kommission: HDE fordert ehrliche Aufarbeitung der Corona-Ma\u00dfnahmen und ihren wirtschaftlichen Auswirkungen"},"content":{"rendered":"\n<p> <\/p>\n\n\n\n<p>Mit Blick auf die heutige erste Sitzung der Corona-Enquete-Kommission macht sich der Handelsverband Deutschland (HDE) f\u00fcr eine umfassende und ehrliche Aufarbeitung der Zeit der Pandemie sowie der staatlichen Ma\u00dfnahmen stark. Dabei m\u00fcssten auch die bis heute sp\u00fcrbaren wirtschaftlichen Folgen im Einzelhandel eine Rolle spielen. F\u00fcr kommende \u00e4hnliche Situationen gelte es, besser vorbereitet zu sein und k\u00fcnftig zielgenauer zu handeln.<\/p>\n\n\n\n<p>\u201eDie Pandemie war f\u00fcr die ganze Gesellschaft eine Stress- und Ausnahmesituation. Jetzt gilt es, die Folgen der nicht immer zielgenauen Ma\u00dfnahmen schonungslos anzusprechen und Konsequenzen f\u00fcr die Zukunft zu ziehen. Sollte es ein n\u00e4chstes Mal geben, m\u00fcssen alle besser vorbereitet sein. F\u00fcr viele Handelsunternehmen war die Zeit der Pandemie ein existenzbedrohendes Desaster. Die Ladenschlie\u00dfungen waren kein probates Mittel zur Eind\u00e4mmung der Pandemie und wurden trotzdem wochenlang aufrechterhalten\u201c, so HDE-Hauptgesch\u00e4ftsf\u00fchrer Stefan Genth. Auch in Ausnahmesituationen m\u00fcsse gelten, dass solch weitreichende Eingriffe gut begr\u00fcndet und nachgewiesenerma\u00dfen zielf\u00fchrend sein m\u00fcssen. Da gebe es noch viel aufzuarbeiten.<\/p>\n\n\n\n<p>\u201eDer Einzelhandel sp\u00fcrt die Folgen der Pandemie und der damit verbundenen Lockdowns bis heute. Die Konsumstimmung hat ihr Vor-Corona-Niveau seitdem nicht mehr erreicht. Verluste in Milliardenh\u00f6he sorgten f\u00fcr tausende Schlie\u00dfungen in der Branche. Die staatlichen Hilfen reichten dabei nicht einmal ansatzweise, um die erlittenen Verluste wieder auszugleichen. Im internationalen Vergleich ist Deutschland zwar ganz gut durch die Pandemie gekommen, der Einzelhandel aber hat enorm gelitten\u201c, so Genth weiter. Die Wirtschaft und insbesondere der Einzelhandel seien ein zentraler Teil der Gesellschaft. So sei mit der Schlie\u00dfung vieler Gesch\u00e4fte auch die Ver\u00f6dung vieler Innenst\u00e4dte enorm beschleunigt worden. Genth: \u201eDie wirtschaftlichen Folgen der Pandemie-Ma\u00dfnahmen treffen die gesamte Gesellschaft. Die Wirtschaft, das sind wir alle \u2013 ob als Arbeitgeber oder als Besch\u00e4ftigte. Deshalb erwartet der Einzelhandel, dass die Enquete-Kommission ab heute auch ausf\u00fchrlich \u00fcber die \u00f6konomischen Auswirkungen der Ma\u00dfnahmen spricht. Es ist gut, dass dies nun in einem sachlichen Rahmen und ohne vorgegebene, das Ergebnis vorwegnehmende, Leitplanken geschehen kann.\u201c Der Handelsverband stehe der Kommission jederzeit f\u00fcr Gespr\u00e4che und Einordnungen zum Thema zur Verf\u00fcgung. Quelle und Foto: HDE<\/p>\n","protected":false},"excerpt":{"rendered":"<p>Mit Blick auf die heutige erste Sitzung der Corona-Enquete-Kommission macht sich der Handelsverband Deutschland (HDE) f\u00fcr eine umfassende<\/p>\n","protected":false},"author":1,"featured_media":3318,"comment_status":"closed","ping_status":"closed","sticky":false,"template":"","format":"standard","meta":{"footnotes":""},"categories":[34],"tags":[],"class_list":["post-3316","post","type-post","status-publish","format-standard","has-post-thumbnail","hentry","category-allgemein"],"featured_image_urls":{"full":["https:\/\/agronoticias.es\/de\/wp-content\/uploads\/2025\/09\/corona-virus-5251013_1280.jpg",1280,720,false],"thumbnail":["https:\/\/agronoticias.es\/de\/wp-content\/uploads\/2025\/09\/corona-virus-5251013_1280-150x150.jpg",150,150,true],"medium":["https:\/\/agronoticias.es\/de\/wp-content\/uploads\/2025\/09\/corona-virus-5251013_1280-300x169.jpg",300,169,true],"medium_large":["https:\/\/agronoticias.es\/de\/wp-content\/uploads\/2025\/09\/corona-virus-5251013_1280-768x432.jpg",640,360,true],"large":["https:\/\/agronoticias.es\/de\/wp-content\/uploads\/2025\/09\/corona-virus-5251013_1280-1024x576.jpg",640,360,true],"1536x1536":["https:\/\/agronoticias.es\/de\/wp-content\/uploads\/2025\/09\/corona-virus-5251013_1280.jpg",1280,720,false],"2048x2048":["https:\/\/agronoticias.es\/de\/wp-content\/uploads\/2025\/09\/corona-virus-5251013_1280.jpg",1280,720,false],"morenews-large":["https:\/\/agronoticias.es\/de\/wp-content\/uploads\/2025\/09\/corona-virus-5251013_1280-825x575.jpg",825,575,true],"morenews-medium":["https:\/\/agronoticias.es\/de\/wp-content\/uploads\/2025\/09\/corona-virus-5251013_1280-590x410.jpg",590,410,true]},"author_info":{"display_name":"admin","author_link":"https:\/\/agronoticias.es\/de\/author\/admin\/"},"category_info":"<a href=\"https:\/\/agronoticias.es\/de\/category\/allgemein\/\" rel=\"category tag\">Allgemein<\/a>","tag_info":"Allgemein","comment_count":"0","_links":{"self":[{"href":"https:\/\/agronoticias.es\/de\/wp-json\/wp\/v2\/posts\/3316","targetHints":{"allow":["GET"]}}],"collection":[{"href":"https:\/\/agronoticias.es\/de\/wp-json\/wp\/v2\/posts"}],"about":[{"href":"https:\/\/agronoticias.es\/de\/wp-json\/wp\/v2\/types\/post"}],"author":[{"embeddable":true,"href":"https:\/\/agronoticias.es\/de\/wp-json\/wp\/v2\/users\/1"}],"replies":[{"embeddable":true,"href":"https:\/\/agronoticias.es\/de\/wp-json\/wp\/v2\/comments?post=3316"}],"version-history":[{"count":1,"href":"https:\/\/agronoticias.es\/de\/wp-json\/wp\/v2\/posts\/3316\/revisions"}],"predecessor-version":[{"id":3319,"href":"https:\/\/agronoticias.es\/de\/wp-json\/wp\/v2\/posts\/3316\/revisions\/3319"}],"wp:featuredmedia":[{"embeddable":true,"href":"https:\/\/agronoticias.es\/de\/wp-json\/wp\/v2\/media\/3318"}],"wp:attachment":[{"href":"https:\/\/agronoticias.es\/de\/wp-json\/wp\/v2\/media?parent=3316"}],"wp:term":[{"taxonomy":"category","embeddable":true,"href":"https:\/\/agronoticias.es\/de\/wp-json\/wp\/v2\/categories?post=3316"},{"taxonomy":"post_tag","embeddable":true,"href":"https:\/\/agronoticias.es\/de\/wp-json\/wp\/v2\/tags?post=3316"}],"curies":[{"name":"wp","href":"https:\/\/api.w.org\/{rel}","templated":true}]}}