{"id":3309,"date":"2025-09-02T17:07:16","date_gmt":"2025-09-02T15:07:16","guid":{"rendered":"https:\/\/agronoticias.es\/de\/?p=3309"},"modified":"2025-09-02T17:07:17","modified_gmt":"2025-09-02T15:07:17","slug":"spanische-mangosaison-2025-wird-hoher-ausfallen-aber-dennoch-moderat-und-gestaffelt-sein","status":"publish","type":"post","link":"https:\/\/agronoticias.es\/de\/spanische-mangosaison-2025-wird-hoher-ausfallen-aber-dennoch-moderat-und-gestaffelt-sein\/","title":{"rendered":"Spanische Mangosaison 2025 wird h\u00f6her ausfallen, aber dennoch moderat und gestaffelt sein"},"content":{"rendered":"\n<p> <\/p>\n\n\n\n<p>Nach und nach gewinnen spanische Mangos aufgrund ihrer hervorragenden Qualit\u00e4t und N\u00e4he zu den europ\u00e4ischen M\u00e4rkten immer mehr Verbraucher. Dieses Jahr k\u00f6nnte ein historisches Jahr f\u00fcr ihre Anerkennung auf den internationalen M\u00e4rkten werden.<\/p>\n\n\n\n<p>Reyes Guti\u00e9rrez, eines der f\u00fchrenden Unternehmen in der Produktion und Vermarktung subtropischer Fr\u00fcchte in der Region Axarqu\u00eda in M\u00e1laga, hebt die St\u00e4rke und Kontinuit\u00e4t von spanischen Mangos auf dem europ\u00e4ischen Markt hervor: \u201eDie Saison 2025 wird durch ein Gleichgewicht zwischen Produktion, Inlandsverbrauch und Export gekennzeichnet sein, ohne dass die Gefahr einer \u00dcberversorgung der EU-M\u00e4rkte besteht. In dieser Saison erwartet die Branche eine Mangoproduktion zwischen 30.000 t und 35.000 t. Das ist eine \u00e4hnliche Menge wie in 2022, das vergangene Jahr vor der Trockenperiode und wird dabei helfen, dass die gro\u00dfen Marktteilnehmer in den Wochen 36 bis 46 wieder Vertrauen in Spanien als Herkunftsland gewinnen werden.\u201c<\/p>\n\n\n\n<p>Reyes Guti\u00e9rrez wird mit folgendem Sortenplan seine Ernte schrittweise beginnen: Osteen Wochen 36 bis 42; Kent Wochen 36 bis 40 und Keitt Wochen 40 bis 46. Diese Staffelung erm\u00f6glicht ein geordnetes und stabiles Angebot, das an die nationale und internationale Nachfrage angepasst ist.<\/p>\n\n\n\n<p>Spanischer Mangokonsum<\/p>\n\n\n\n<p>Laut FAO betr\u00e4gt der Verbrauch von Mangos in Spanien 42.055 t, Tendenz steigend. Dies belegt, dass ein Gro\u00dfteil der in Spanien produzierten Mangos im Land selbst verbraucht wird. Mehr als ein Drittel der Produktion bleibt dort, wodurch das Exportvolumen begrenzt wird, sodass selbst im besten Fall nicht einmal die H\u00e4lfte des europ\u00e4ischen Bedarfs gedeckt werden kann. Der europ\u00e4ische Markt konsumiert etwa 500.000 t was einem w\u00f6chentlichen Durchschnitt von 8.000\/10.000 t gegen\u00fcber den 30.000\/35.000 t entspricht, die in Spanien produziert werden.<\/p>\n\n\n\n<p>Werbung in Superm\u00e4rkten<\/p>\n\n\n\n<p>In den vergangenen zwei Jahren hat die geringe Produktion dazu gef\u00fchrt, dass spanische Mangos kaum in der Werbung der gro\u00dfen Handelsketten zu finden waren. In 2025, mit einer stabileren und gesicherten Produktion, m\u00f6chte Reyes Guti\u00e9rrez die Superm\u00e4rkte und Handelsketten dazu anregen, spanische Mangos wieder in ihre Kampagnen und Werbeaktionen aufzunehmen.<\/p>\n\n\n\n<p>Fazit<\/p>\n\n\n\n<p>Die spanische Mangosaison 2025 wird h\u00f6her ausfallen, aber dennoch moderat und gestaffelt sein und sich darauf konzentrieren, das Vertrauen der europ\u00e4ischen Kunden nach zwei Jahren D\u00fcrre wiederzugewinnen, die zu Versorgungsengp\u00e4ssen auf dem Markt gef\u00fchrt haben. Dank dem Wassermangement wird die Wasserversorgung gesichert und die Kontinuit\u00e4t der spanischen Mangos garantiert sein. \u201eVon Seiten Reyes Guti\u00e9rrez bekr\u00e4ftigen wir unser Engagement f\u00fcr eine nachhaltige Produktion, h\u00f6chste Qualit\u00e4t und eine verantwortungsvolle Versorgung sowohl f\u00fcr Spanien als auch f\u00fcr unsere internationalen Kunden\u201c, erkl\u00e4rte Reyes Guti\u00e9rrez abschlie\u00dfend. Quelle und Foto Reyes Guti\u00e9rrez<\/p>\n","protected":false},"excerpt":{"rendered":"<p>Nach und nach gewinnen spanische Mangos aufgrund ihrer hervorragenden Qualit\u00e4t und N\u00e4he zu den europ\u00e4ischen M\u00e4rkten immer mehr<\/p>\n","protected":false},"author":1,"featured_media":3310,"comment_status":"closed","ping_status":"closed","sticky":false,"template":"","format":"standard","meta":{"footnotes":""},"categories":[34],"tags":[],"class_list":["post-3309","post","type-post","status-publish","format-standard","has-post-thumbnail","hentry","category-allgemein"],"featured_image_urls":{"full":["https:\/\/agronoticias.es\/de\/wp-content\/uploads\/2025\/09\/mangos-reyes-gutierrez.jpg",800,490,false],"thumbnail":["https:\/\/agronoticias.es\/de\/wp-content\/uploads\/2025\/09\/mangos-reyes-gutierrez-150x150.jpg",150,150,true],"medium":["https:\/\/agronoticias.es\/de\/wp-content\/uploads\/2025\/09\/mangos-reyes-gutierrez-300x184.jpg",300,184,true],"medium_large":["https:\/\/agronoticias.es\/de\/wp-content\/uploads\/2025\/09\/mangos-reyes-gutierrez-768x470.jpg",640,392,true],"large":["https:\/\/agronoticias.es\/de\/wp-content\/uploads\/2025\/09\/mangos-reyes-gutierrez.jpg",640,392,false],"1536x1536":["https:\/\/agronoticias.es\/de\/wp-content\/uploads\/2025\/09\/mangos-reyes-gutierrez.jpg",800,490,false],"2048x2048":["https:\/\/agronoticias.es\/de\/wp-content\/uploads\/2025\/09\/mangos-reyes-gutierrez.jpg",800,490,false],"morenews-large":["https:\/\/agronoticias.es\/de\/wp-content\/uploads\/2025\/09\/mangos-reyes-gutierrez.jpg",800,490,false],"morenews-medium":["https:\/\/agronoticias.es\/de\/wp-content\/uploads\/2025\/09\/mangos-reyes-gutierrez-590x410.jpg",590,410,true]},"author_info":{"display_name":"admin","author_link":"https:\/\/agronoticias.es\/de\/author\/admin\/"},"category_info":"<a href=\"https:\/\/agronoticias.es\/de\/category\/allgemein\/\" rel=\"category tag\">Allgemein<\/a>","tag_info":"Allgemein","comment_count":"0","_links":{"self":[{"href":"https:\/\/agronoticias.es\/de\/wp-json\/wp\/v2\/posts\/3309","targetHints":{"allow":["GET"]}}],"collection":[{"href":"https:\/\/agronoticias.es\/de\/wp-json\/wp\/v2\/posts"}],"about":[{"href":"https:\/\/agronoticias.es\/de\/wp-json\/wp\/v2\/types\/post"}],"author":[{"embeddable":true,"href":"https:\/\/agronoticias.es\/de\/wp-json\/wp\/v2\/users\/1"}],"replies":[{"embeddable":true,"href":"https:\/\/agronoticias.es\/de\/wp-json\/wp\/v2\/comments?post=3309"}],"version-history":[{"count":1,"href":"https:\/\/agronoticias.es\/de\/wp-json\/wp\/v2\/posts\/3309\/revisions"}],"predecessor-version":[{"id":3311,"href":"https:\/\/agronoticias.es\/de\/wp-json\/wp\/v2\/posts\/3309\/revisions\/3311"}],"wp:featuredmedia":[{"embeddable":true,"href":"https:\/\/agronoticias.es\/de\/wp-json\/wp\/v2\/media\/3310"}],"wp:attachment":[{"href":"https:\/\/agronoticias.es\/de\/wp-json\/wp\/v2\/media?parent=3309"}],"wp:term":[{"taxonomy":"category","embeddable":true,"href":"https:\/\/agronoticias.es\/de\/wp-json\/wp\/v2\/categories?post=3309"},{"taxonomy":"post_tag","embeddable":true,"href":"https:\/\/agronoticias.es\/de\/wp-json\/wp\/v2\/tags?post=3309"}],"curies":[{"name":"wp","href":"https:\/\/api.w.org\/{rel}","templated":true}]}}