{"id":3297,"date":"2025-09-01T11:48:07","date_gmt":"2025-09-01T09:48:07","guid":{"rendered":"https:\/\/agronoticias.es\/de\/?p=3297"},"modified":"2025-09-01T11:48:08","modified_gmt":"2025-09-01T09:48:08","slug":"hde-konsumbarometer-im-september-verbraucherstimmung-verschlechtert-sich-erstmals-seit-jahresbeginn-deutlich","status":"publish","type":"post","link":"https:\/\/agronoticias.es\/de\/hde-konsumbarometer-im-september-verbraucherstimmung-verschlechtert-sich-erstmals-seit-jahresbeginn-deutlich\/","title":{"rendered":"HDE-Konsumbarometer im September: Verbraucherstimmung verschlechtert sich erstmals seit Jahresbeginn deutlich"},"content":{"rendered":"\n<p> <\/p>\n\n\n\n<p>Die Verbraucherstimmung in Deutschland tr\u00fcbt sich im September sp\u00fcrbar ein. Wie aus dem aktuellen Konsumbarometer des Handelsverbandes Deutschland (HDE) hervorgeht, geht der Index zum ersten Mal seit Beginn des Jahres zur\u00fcck. Nach der Sommerpause sind die Erwartungen der Verbraucherinnen und Verbraucher f\u00fcr das restliche Jahr ged\u00e4mpft. Eine Erholung des privaten Konsums ist nicht in Sicht.<\/p>\n\n\n\n<p>Der f\u00fcr den Einzelhandel wichtige Teilindikator der Anschaffungsneigung bleibt nahezu unver\u00e4ndert. Die Konsumzur\u00fcckhaltung h\u00e4lt an. Gleichzeitig planen die Verbraucher, weniger zu sparen. Ihre Sparneigung verringert sich im Vormonatsvergleich.<\/p>\n\n\n\n<p>Dass die Verbraucherinnen und Verbraucher zwar weniger sparen, aber nicht mehr konsumieren wollen, ist auf ihre von Pessimismus gepr\u00e4gten Einkommenserwartungen f\u00fcr die kommenden Monate zur\u00fcckzuf\u00fchren. Der Blick auf die erwartete Entwicklung des eigenen Einkommens tr\u00fcbt sich ein, was k\u00fcnftige Konsumaktivit\u00e4ten ausbremst. Auch die konjunkturellen Erwartungen der Verbraucherinnen und Verbraucher fallen pessimistisch aus. Angesichts bislang ausbleibender wirtschaftspolitischer Impulse zeigen sie sich skeptisch, was einen baldigen wirtschaftlichen Aufschwung angeht.<\/p>\n\n\n\n<p>Die Stimmung der Verbraucherinnen und Verbraucher in Deutschland hat sich sp\u00fcrbar abgek\u00fchlt. Nachdem der monatelange Aufw\u00e4rtstrend der Verbraucherstimmung zuletzt bereits ins Stocken geraten war, ist nun erstmals seit Jahresbeginn eine deutliche Verschlechterung zu erkennen. An eine rasche Verbesserung der gesamtwirtschaftlichen Lage scheinen die Verbraucher nicht zu glauben. Dadurch fehlt die Grundlage f\u00fcr eine Erholung des privaten Konsums und letztlich auch f\u00fcr einen wirtschaftlichen Aufschwung. Noch ist es der Bundesregierung nicht gelungen, ihren Worten Taten folgen zu lassen und das Vertrauen der Verbraucherinnen und Verbraucher in eine R\u00fcckkehr des gesamtwirtschaftlichen Wachstums zu st\u00e4rken.<\/p>\n\n\n\n<p>Das jeweils am ersten Montag eines Monats erscheinende HDE-Konsumbarometer basiert auf einer monatlichen Umfrage unter 1.600 Personen zur Anschaffungsneigung, Sparneigung, finanziellen Situation und zu anderen konsumrelevanten Faktoren. Das Konsumbarometer, das vom Handelsblatt Research Institute (HRI) im Auftrag des HDE erstellt wird, hat eine Indikatorfunktion f\u00fcr den privaten Konsum. Es bildet nicht das aktuelle Verbraucherverhalten ab, sondern die erwartete Stimmung in den kommenden drei Monaten. Quelle und Foto: HDE<\/p>\n","protected":false},"excerpt":{"rendered":"<p>Die Verbraucherstimmung in Deutschland tr\u00fcbt sich im September sp\u00fcrbar ein. Wie aus dem aktuellen Konsumbarometer des Handelsverbandes Deutschland<\/p>\n","protected":false},"author":1,"featured_media":3298,"comment_status":"closed","ping_status":"closed","sticky":false,"template":"","format":"standard","meta":{"footnotes":""},"categories":[34],"tags":[],"class_list":["post-3297","post","type-post","status-publish","format-standard","has-post-thumbnail","hentry","category-allgemein"],"featured_image_urls":{"full":["https:\/\/agronoticias.es\/de\/wp-content\/uploads\/2025\/09\/HDE-Konsumbarometer.jpg",400,270,false],"thumbnail":["https:\/\/agronoticias.es\/de\/wp-content\/uploads\/2025\/09\/HDE-Konsumbarometer-150x150.jpg",150,150,true],"medium":["https:\/\/agronoticias.es\/de\/wp-content\/uploads\/2025\/09\/HDE-Konsumbarometer-300x203.jpg",300,203,true],"medium_large":["https:\/\/agronoticias.es\/de\/wp-content\/uploads\/2025\/09\/HDE-Konsumbarometer.jpg",400,270,false],"large":["https:\/\/agronoticias.es\/de\/wp-content\/uploads\/2025\/09\/HDE-Konsumbarometer.jpg",400,270,false],"1536x1536":["https:\/\/agronoticias.es\/de\/wp-content\/uploads\/2025\/09\/HDE-Konsumbarometer.jpg",400,270,false],"2048x2048":["https:\/\/agronoticias.es\/de\/wp-content\/uploads\/2025\/09\/HDE-Konsumbarometer.jpg",400,270,false],"morenews-large":["https:\/\/agronoticias.es\/de\/wp-content\/uploads\/2025\/09\/HDE-Konsumbarometer.jpg",400,270,false],"morenews-medium":["https:\/\/agronoticias.es\/de\/wp-content\/uploads\/2025\/09\/HDE-Konsumbarometer.jpg",400,270,false]},"author_info":{"display_name":"admin","author_link":"https:\/\/agronoticias.es\/de\/author\/admin\/"},"category_info":"<a href=\"https:\/\/agronoticias.es\/de\/category\/allgemein\/\" rel=\"category tag\">Allgemein<\/a>","tag_info":"Allgemein","comment_count":"0","_links":{"self":[{"href":"https:\/\/agronoticias.es\/de\/wp-json\/wp\/v2\/posts\/3297","targetHints":{"allow":["GET"]}}],"collection":[{"href":"https:\/\/agronoticias.es\/de\/wp-json\/wp\/v2\/posts"}],"about":[{"href":"https:\/\/agronoticias.es\/de\/wp-json\/wp\/v2\/types\/post"}],"author":[{"embeddable":true,"href":"https:\/\/agronoticias.es\/de\/wp-json\/wp\/v2\/users\/1"}],"replies":[{"embeddable":true,"href":"https:\/\/agronoticias.es\/de\/wp-json\/wp\/v2\/comments?post=3297"}],"version-history":[{"count":1,"href":"https:\/\/agronoticias.es\/de\/wp-json\/wp\/v2\/posts\/3297\/revisions"}],"predecessor-version":[{"id":3299,"href":"https:\/\/agronoticias.es\/de\/wp-json\/wp\/v2\/posts\/3297\/revisions\/3299"}],"wp:featuredmedia":[{"embeddable":true,"href":"https:\/\/agronoticias.es\/de\/wp-json\/wp\/v2\/media\/3298"}],"wp:attachment":[{"href":"https:\/\/agronoticias.es\/de\/wp-json\/wp\/v2\/media?parent=3297"}],"wp:term":[{"taxonomy":"category","embeddable":true,"href":"https:\/\/agronoticias.es\/de\/wp-json\/wp\/v2\/categories?post=3297"},{"taxonomy":"post_tag","embeddable":true,"href":"https:\/\/agronoticias.es\/de\/wp-json\/wp\/v2\/tags?post=3297"}],"curies":[{"name":"wp","href":"https:\/\/api.w.org\/{rel}","templated":true}]}}