{"id":3293,"date":"2025-08-29T12:47:30","date_gmt":"2025-08-29T10:47:30","guid":{"rendered":"https:\/\/agronoticias.es\/de\/?p=3293"},"modified":"2025-08-29T12:48:19","modified_gmt":"2025-08-29T10:48:19","slug":"sdg-12-verantwortungsvoller-konsum-und-produktion","status":"publish","type":"post","link":"https:\/\/agronoticias.es\/de\/sdg-12-verantwortungsvoller-konsum-und-produktion\/","title":{"rendered":"SDG 12: Verantwortungsvoller Konsum und Produktion"},"content":{"rendered":"\n<p><\/p>\n\n\n\n<p>Das nachhaltige Entwicklungsziel \u201eVerantwortungsvoller Konsum und Produktion\u201c (SDG 12) erfordert umfassende Ma\u00dfnahmen von Unternehmen, Politikern und Verbrauchern zur Anpassung an nachhaltige Praktiken. Es sieht eine nachhaltige Produktion und einen nachhaltigen Konsum vor, die auf fortschrittlichen technologischen Kapazit\u00e4ten, Ressourceneffizienz und einer Reduzierung des globalen Abfallaufkommens basieren.<\/p>\n\n\n\n<p>Einer der Eurostat-Indikatoren zur Messung der Fortschritte bei SDG 12 ist die Kreislaufmaterialnutzungsquote. Sie misst den Anteil des zur\u00fcckgewonnenen und in die Wirtschaft zur\u00fcckgef\u00fchrten Materials am gesamten Materialverbrauch. Zwischen 2008 und 2023 stieg die Kreislaufmaterialnutzungsquote in der EU von 9,1 % auf 11,8 %. Seit 2016 stagniert sie jedoch weitgehend. Die EU hat sich zum Ziel gesetzt, die aus gesammelten Abf\u00e4llen verwendeten Materialien bis 2030 im Vergleich zu 2020 auf 22,4 % zu verdoppeln.<\/p>\n\n\n\n<p>Unter den EU-L\u00e4ndern weisen die Niederlande mit 30,6 % die h\u00f6chste Quote f\u00fcr die Verwendung zirkul\u00e4rer Materialien auf, mit einigem Abstand gefolgt von Italien mit 20,8 % und Malta mit 19,8 %. Am niedrigsten waren die Quoten in Rum\u00e4nien (1,3 %), Irland (2,3 %) und Finnland (2,4 %). Quelle und Foto: Eurostat<\/p>\n\n\n\n<p><\/p>\n","protected":false},"excerpt":{"rendered":"<p>Das nachhaltige Entwicklungsziel \u201eVerantwortungsvoller Konsum und Produktion\u201c (SDG 12) erfordert umfassende Ma\u00dfnahmen von Unternehmen, Politikern und Verbrauchern zur<\/p>\n","protected":false},"author":1,"featured_media":3294,"comment_status":"closed","ping_status":"closed","sticky":false,"template":"","format":"standard","meta":{"footnotes":""},"categories":[34],"tags":[],"class_list":["post-3293","post","type-post","status-publish","format-standard","has-post-thumbnail","hentry","category-allgemein"],"featured_image_urls":{"full":["https:\/\/agronoticias.es\/de\/wp-content\/uploads\/2025\/08\/eurostat-logo.png",399,93,false],"thumbnail":["https:\/\/agronoticias.es\/de\/wp-content\/uploads\/2025\/08\/eurostat-logo-150x93.png",150,93,true],"medium":["https:\/\/agronoticias.es\/de\/wp-content\/uploads\/2025\/08\/eurostat-logo-300x70.png",300,70,true],"medium_large":["https:\/\/agronoticias.es\/de\/wp-content\/uploads\/2025\/08\/eurostat-logo.png",399,93,false],"large":["https:\/\/agronoticias.es\/de\/wp-content\/uploads\/2025\/08\/eurostat-logo.png",399,93,false],"1536x1536":["https:\/\/agronoticias.es\/de\/wp-content\/uploads\/2025\/08\/eurostat-logo.png",399,93,false],"2048x2048":["https:\/\/agronoticias.es\/de\/wp-content\/uploads\/2025\/08\/eurostat-logo.png",399,93,false],"morenews-large":["https:\/\/agronoticias.es\/de\/wp-content\/uploads\/2025\/08\/eurostat-logo.png",399,93,false],"morenews-medium":["https:\/\/agronoticias.es\/de\/wp-content\/uploads\/2025\/08\/eurostat-logo.png",399,93,false]},"author_info":{"display_name":"admin","author_link":"https:\/\/agronoticias.es\/de\/author\/admin\/"},"category_info":"<a href=\"https:\/\/agronoticias.es\/de\/category\/allgemein\/\" rel=\"category tag\">Allgemein<\/a>","tag_info":"Allgemein","comment_count":"0","_links":{"self":[{"href":"https:\/\/agronoticias.es\/de\/wp-json\/wp\/v2\/posts\/3293","targetHints":{"allow":["GET"]}}],"collection":[{"href":"https:\/\/agronoticias.es\/de\/wp-json\/wp\/v2\/posts"}],"about":[{"href":"https:\/\/agronoticias.es\/de\/wp-json\/wp\/v2\/types\/post"}],"author":[{"embeddable":true,"href":"https:\/\/agronoticias.es\/de\/wp-json\/wp\/v2\/users\/1"}],"replies":[{"embeddable":true,"href":"https:\/\/agronoticias.es\/de\/wp-json\/wp\/v2\/comments?post=3293"}],"version-history":[{"count":2,"href":"https:\/\/agronoticias.es\/de\/wp-json\/wp\/v2\/posts\/3293\/revisions"}],"predecessor-version":[{"id":3296,"href":"https:\/\/agronoticias.es\/de\/wp-json\/wp\/v2\/posts\/3293\/revisions\/3296"}],"wp:featuredmedia":[{"embeddable":true,"href":"https:\/\/agronoticias.es\/de\/wp-json\/wp\/v2\/media\/3294"}],"wp:attachment":[{"href":"https:\/\/agronoticias.es\/de\/wp-json\/wp\/v2\/media?parent=3293"}],"wp:term":[{"taxonomy":"category","embeddable":true,"href":"https:\/\/agronoticias.es\/de\/wp-json\/wp\/v2\/categories?post=3293"},{"taxonomy":"post_tag","embeddable":true,"href":"https:\/\/agronoticias.es\/de\/wp-json\/wp\/v2\/tags?post=3293"}],"curies":[{"name":"wp","href":"https:\/\/api.w.org\/{rel}","templated":true}]}}