{"id":3290,"date":"2025-08-29T11:59:00","date_gmt":"2025-08-29T09:59:00","guid":{"rendered":"https:\/\/agronoticias.es\/de\/?p=3290"},"modified":"2025-08-29T11:59:02","modified_gmt":"2025-08-29T09:59:02","slug":"einzelhandelsumsatz-im-juli-2025-real-um-15-niedriger-als-im-vormonat","status":"publish","type":"post","link":"https:\/\/agronoticias.es\/de\/einzelhandelsumsatz-im-juli-2025-real-um-15-niedriger-als-im-vormonat\/","title":{"rendered":"Einzelhandelsumsatz im Juli 2025 real um 1,5 % niedriger als im Vormonat"},"content":{"rendered":"\n<p><\/p>\n\n\n\n<p>Der Umsatz der Einzelhandelsunternehmen in Deutschland ist nach vorl\u00e4ufigen Ergebnissen des Statistischen Bundesamtes (Destatis) im Juli 2025 gegen\u00fcber Juni 2025 kalender- und saisonbereinigt real (preisbereinigt) um 1,5 % und nominal (nicht preisbereinigt) um 1,0 % gesunken. Im Vergleich zum Vorjahresmonat Juli 2024 stieg der Umsatz real um 1,9 % und nominal um 3,1 %. Im Juni 2025 verzeichnete der Einzelhandelsumsatz gegen\u00fcber Mai 2025 nach Revision der vorl\u00e4ufigen Ergebnisse unver\u00e4ndert einen Anstieg von real 1,0 % und nominal 0,8 %.<\/p>\n\n\n\n<p>Der Umsatz im Einzelhandel mit Lebensmitteln sank im Juli 2025 kalender- und saisonbereinigt real um 1,8 % und nominal um 1,2 % gegen\u00fcber dem Vormonat. Im Vergleich zum Vorjahresmonat Juli 2024 verzeichnete der Umsatz im Lebensmitteleinzelhandel einen Anstieg von real 0,1 % und nominal 2,8 %.<\/p>\n\n\n\n<p>Im Einzelhandel mit Nicht-Lebensmitteln sank der kalender- und saisonbereinigte Umsatz im Juli 2025 gegen\u00fcber dem Vormonat real um 0,7 % und nominal um 0,5 %. Im Vergleich zum Vorjahresmonat Juli 2024 wuchsen die Ums\u00e4tze hier real um 3,5 % und nominal um 4,2 %.<\/p>\n\n\n\n<p>Im Internet- und Versandhandel verzeichnete der Umsatz im Juli 2025 ein Umsatzminus von real 3,8 % und nominal 3,1 %. Im Vergleich zum Vorjahresmonat Juli 2024 wuchs der Umsatz im Internet- und Versandhandel real um 13,8 % und nominal 14,1 %. Quelle: Destatis<\/p>\n","protected":false},"excerpt":{"rendered":"<p>Der Umsatz der Einzelhandelsunternehmen in Deutschland ist nach vorl\u00e4ufigen Ergebnissen des Statistischen Bundesamtes (Destatis) im Juli 2025 gegen\u00fcber<\/p>\n","protected":false},"author":1,"featured_media":3291,"comment_status":"closed","ping_status":"closed","sticky":false,"template":"","format":"standard","meta":{"footnotes":""},"categories":[34],"tags":[],"class_list":["post-3290","post","type-post","status-publish","format-standard","has-post-thumbnail","hentry","category-allgemein"],"featured_image_urls":{"full":["https:\/\/agronoticias.es\/de\/wp-content\/uploads\/2025\/08\/destatis-logo.png",296,108,false],"thumbnail":["https:\/\/agronoticias.es\/de\/wp-content\/uploads\/2025\/08\/destatis-logo-150x108.png",150,108,true],"medium":["https:\/\/agronoticias.es\/de\/wp-content\/uploads\/2025\/08\/destatis-logo.png",296,108,false],"medium_large":["https:\/\/agronoticias.es\/de\/wp-content\/uploads\/2025\/08\/destatis-logo.png",296,108,false],"large":["https:\/\/agronoticias.es\/de\/wp-content\/uploads\/2025\/08\/destatis-logo.png",296,108,false],"1536x1536":["https:\/\/agronoticias.es\/de\/wp-content\/uploads\/2025\/08\/destatis-logo.png",296,108,false],"2048x2048":["https:\/\/agronoticias.es\/de\/wp-content\/uploads\/2025\/08\/destatis-logo.png",296,108,false],"morenews-large":["https:\/\/agronoticias.es\/de\/wp-content\/uploads\/2025\/08\/destatis-logo.png",296,108,false],"morenews-medium":["https:\/\/agronoticias.es\/de\/wp-content\/uploads\/2025\/08\/destatis-logo.png",296,108,false]},"author_info":{"display_name":"admin","author_link":"https:\/\/agronoticias.es\/de\/author\/admin\/"},"category_info":"<a href=\"https:\/\/agronoticias.es\/de\/category\/allgemein\/\" rel=\"category tag\">Allgemein<\/a>","tag_info":"Allgemein","comment_count":"0","_links":{"self":[{"href":"https:\/\/agronoticias.es\/de\/wp-json\/wp\/v2\/posts\/3290","targetHints":{"allow":["GET"]}}],"collection":[{"href":"https:\/\/agronoticias.es\/de\/wp-json\/wp\/v2\/posts"}],"about":[{"href":"https:\/\/agronoticias.es\/de\/wp-json\/wp\/v2\/types\/post"}],"author":[{"embeddable":true,"href":"https:\/\/agronoticias.es\/de\/wp-json\/wp\/v2\/users\/1"}],"replies":[{"embeddable":true,"href":"https:\/\/agronoticias.es\/de\/wp-json\/wp\/v2\/comments?post=3290"}],"version-history":[{"count":1,"href":"https:\/\/agronoticias.es\/de\/wp-json\/wp\/v2\/posts\/3290\/revisions"}],"predecessor-version":[{"id":3292,"href":"https:\/\/agronoticias.es\/de\/wp-json\/wp\/v2\/posts\/3290\/revisions\/3292"}],"wp:featuredmedia":[{"embeddable":true,"href":"https:\/\/agronoticias.es\/de\/wp-json\/wp\/v2\/media\/3291"}],"wp:attachment":[{"href":"https:\/\/agronoticias.es\/de\/wp-json\/wp\/v2\/media?parent=3290"}],"wp:term":[{"taxonomy":"category","embeddable":true,"href":"https:\/\/agronoticias.es\/de\/wp-json\/wp\/v2\/categories?post=3290"},{"taxonomy":"post_tag","embeddable":true,"href":"https:\/\/agronoticias.es\/de\/wp-json\/wp\/v2\/tags?post=3290"}],"curies":[{"name":"wp","href":"https:\/\/api.w.org\/{rel}","templated":true}]}}