{"id":3286,"date":"2025-08-27T09:29:56","date_gmt":"2025-08-27T07:29:56","guid":{"rendered":"https:\/\/agronoticias.es\/de\/?p=3286"},"modified":"2025-08-27T09:30:35","modified_gmt":"2025-08-27T07:30:35","slug":"konsumklima-in-der-sommerflaute-dritter-ruckgang-in-folge","status":"publish","type":"post","link":"https:\/\/agronoticias.es\/de\/konsumklima-in-der-sommerflaute-dritter-ruckgang-in-folge\/","title":{"rendered":"Konsumklima in der Sommerflaute: Dritter R\u00fcckgang in Folge"},"content":{"rendered":"\n<p><\/p>\n\n\n\n<p>Die Verbraucherstimmung in Deutschland schw\u00e4cht sich im August weiter ab. Die Einkommens- und Konjunkturerwartungen b\u00fc\u00dfen erheblich ein. Die Anschaffungs- und Sparneigung gehen leicht zur\u00fcck. Der Konsumklima-Indikator erwartet f\u00fcr September 2025 im Vergleich zum Vormonat (revidiert -21,7 Z\u00e4hler) einen R\u00fcckgang um 1,9 Z\u00e4hler auf -23,6 Punkte. Dies zeigen die aktuellen Ergebnisse des GfK Konsumklimas powered by NIM. Es wird seit Oktober 2023 gemeinsam von NIQ\/GfK und dem N\u00fcrnberg Institut f\u00fcr Marktentscheidungen (NIM), Gr\u00fcnder der GfK, herausgegeben.<\/p>\n\n\n\n<p>Ma\u00dfgeblichen Anteil an dem R\u00fcckgang hat in diesem Monat die stark gesunkene Einkommenserwartung. Dagegen hat die Sparneigung, die nur um 0,6 Punkte auf 15,8 Z\u00e4hler zur\u00fcckgegangen ist, in diesem Monat nur einen marginalen Einfluss auf den Verlauf des Konsumklimas.<\/p>\n\n\n\n<p>\u201eMit dem dritten R\u00fcckgang in Folge befindet sich das Konsumklima nun definitiv in der Sommerflaute,\u201c erkl\u00e4rt Rolf B\u00fcrkl, Head of Consumer Climate beim NIM. \u201eEin wesentlicher Grund, auch f\u00fcr den sp\u00fcrbaren R\u00fcckgang der Einkommensaussichten, d\u00fcrften die zunehmenden Sorgen um den Arbeitsplatz sein\u201c. Zuletzt ist die Zahl der registrierten Arbeitslosen angestiegen. Sie blieb im Juli noch knapp unter drei Millionen, aber Experten erwarten f\u00fcr August ein \u00dcberschreiten dieser Marke. Auch unter den Verbrauchern ist in diesem Monat der Besch\u00e4ftigungs-pessimismus deutlich gestiegen: Der Indikator f\u00fcr die Erwartung an die Entwicklung der Zahl der Arbeitslosen hat den h\u00f6chsten Wert in diesem Jahr erreicht. \u201eEine zunehmende Angst vor Jobverlust sorgt daf\u00fcr, dass viele Konsumenten gerade mit gr\u00f6\u00dferen Anschaffungen weiterhin vorsichtig bleiben. Damit schwinden die Hoffnungen auf eine durchgreifende Erholung der Konsumstimmung noch in diesem Jahr weiter\u201c, so B\u00fcrkl weiter.<\/p>\n\n\n\n<p>Die Einkommenserwartungen erleiden deutlichen R\u00fcckschlag<\/p>\n\n\n\n<p>Nach zuvor f\u00fcnf Anstiegen in Folge m\u00fcssen die Einkommensaussichten der Verbraucher im August einen herben R\u00fcckschlag hinnehmen. Der Einkommensindikator verliert gegen\u00fcber dem Vormonat 11,1 Z\u00e4hler und f\u00e4llt mit 4,1 Punkten auf den niedrigsten Wert seit M\u00e4rz 2025. Damals wurden -3,1 Punkte gemessen.<\/p>\n\n\n\n<p>Neben den Sorgen um einen m\u00f6glichen Verlust des Arbeitsplatzes d\u00fcrften unter den Konsumenten auch die anhaltende Verunsicherung \u00fcber die k\u00fcnftige Entwicklung der Verbraucherpreise eine Rolle spielen. Die geopolitische Lage wie auch die Zollpolitik der US-Regierung sorgen f\u00fcr Bef\u00fcrchtungen, dass unter anderem auch die Energiepreise wieder steigen k\u00f6nnten. Entsprechend sind die Inflationserwartungen der deutschen Konsumenten im August den zweiten Monat in Folge angestiegen.<\/p>\n\n\n\n<p>Anschaffungsneigung verharrt weiter im Keller<\/p>\n\n\n\n<p>Angesichts deutlich gesunkener Einkommensaussichten muss auch die Anschaffungsneigung in diesem Monat Einbu\u00dfen hinnehmen. Allerdings fallen diese vergleichsweise gering aus. Der Indikator verliert 0,9 Z\u00e4hler und verharrt mit -10,1 Punkten damit weiter im Keller. Dies ist der schlechteste Wert seit Februar 2025, als -11,1 Punkte gemessen wurden.<\/p>\n\n\n\n<p>Die geopolitische Lage sowie Inflations\u00e4ngste sorgen f\u00fcr eine anhaltend gro\u00dfe Verunsicherung der Konsumenten. Dies f\u00fchrt zu fehlender Planungssicherheit und l\u00e4sst die Verbraucher vor allem bei gr\u00f6\u00dferen Anschaffungen vorsichtiger agieren.<\/p>\n\n\n\n<p>Die Konjunkturerwartungen sinken zum zweiten Mal in Folge sp\u00fcrbar<\/p>\n\n\n\n<p>Der Konjunkturoptimismus der deutschen Verbraucher schwindet weiter. Zum zweiten Mal in Folge verliert der Konjunkturindikator sp\u00fcrbar. Aktuell betr\u00e4gt das Minus 7,4 Z\u00e4hler. Mit 2,7 Punkten rutscht die Konjunkturstimmung auf den niedrigsten Wert seit einem halben Jahr. Im Februar lag sie bei 1,2 Punkten.<\/p>\n\n\n\n<p>Damit d\u00fcrften die Hoffnungen auf eine Erholung der deutschen Wirtschaft noch in diesem Jahr aus Verbrauchersicht weiter gesunken sein. Die steigende Arbeitslosigkeit, der in Teilen holprige Start der neuen Bundesregierung sowie die unsichere Zollpolitik der USA sorgen derzeit nicht f\u00fcr eine Aufbruchstimmung unter den Konsumenten.<\/p>\n\n\n\n<p>Das Konsumklima kann als vorlaufender Indikator f\u00fcr das Konsumverhalten in Deutschland interpretiert werden. Analysen haben gezeigt, dass die Stimmung ein Fr\u00fchindikator f\u00fcr die tats\u00e4chliche Entwicklung des privaten Konsums ist. Aus den im August ermittelten Werten der Einkommenserwartung, Anschaffungsneigung und Sparneigung errechnet sich das Konsumklima \u2013 als Fr\u00fchindikator f\u00fcr die Entwicklung des Konsums im September 2025. Quelle und Foto: NIQ\/GfK<\/p>\n","protected":false},"excerpt":{"rendered":"<p>Die Verbraucherstimmung in Deutschland schw\u00e4cht sich im August weiter ab. Die Einkommens- und Konjunkturerwartungen b\u00fc\u00dfen erheblich ein. Die<\/p>\n","protected":false},"author":1,"featured_media":3287,"comment_status":"closed","ping_status":"closed","sticky":false,"template":"","format":"standard","meta":{"footnotes":""},"categories":[34],"tags":[],"class_list":["post-3286","post","type-post","status-publish","format-standard","has-post-thumbnail","hentry","category-allgemein"],"featured_image_urls":{"full":["https:\/\/agronoticias.es\/de\/wp-content\/uploads\/2025\/08\/Konsumklima-August-25.png",682,446,false],"thumbnail":["https:\/\/agronoticias.es\/de\/wp-content\/uploads\/2025\/08\/Konsumklima-August-25-150x150.png",150,150,true],"medium":["https:\/\/agronoticias.es\/de\/wp-content\/uploads\/2025\/08\/Konsumklima-August-25-300x196.png",300,196,true],"medium_large":["https:\/\/agronoticias.es\/de\/wp-content\/uploads\/2025\/08\/Konsumklima-August-25.png",640,419,false],"large":["https:\/\/agronoticias.es\/de\/wp-content\/uploads\/2025\/08\/Konsumklima-August-25.png",640,419,false],"1536x1536":["https:\/\/agronoticias.es\/de\/wp-content\/uploads\/2025\/08\/Konsumklima-August-25.png",682,446,false],"2048x2048":["https:\/\/agronoticias.es\/de\/wp-content\/uploads\/2025\/08\/Konsumklima-August-25.png",682,446,false],"morenews-large":["https:\/\/agronoticias.es\/de\/wp-content\/uploads\/2025\/08\/Konsumklima-August-25.png",682,446,false],"morenews-medium":["https:\/\/agronoticias.es\/de\/wp-content\/uploads\/2025\/08\/Konsumklima-August-25-590x410.png",590,410,true]},"author_info":{"display_name":"admin","author_link":"https:\/\/agronoticias.es\/de\/author\/admin\/"},"category_info":"<a href=\"https:\/\/agronoticias.es\/de\/category\/allgemein\/\" rel=\"category tag\">Allgemein<\/a>","tag_info":"Allgemein","comment_count":"0","_links":{"self":[{"href":"https:\/\/agronoticias.es\/de\/wp-json\/wp\/v2\/posts\/3286","targetHints":{"allow":["GET"]}}],"collection":[{"href":"https:\/\/agronoticias.es\/de\/wp-json\/wp\/v2\/posts"}],"about":[{"href":"https:\/\/agronoticias.es\/de\/wp-json\/wp\/v2\/types\/post"}],"author":[{"embeddable":true,"href":"https:\/\/agronoticias.es\/de\/wp-json\/wp\/v2\/users\/1"}],"replies":[{"embeddable":true,"href":"https:\/\/agronoticias.es\/de\/wp-json\/wp\/v2\/comments?post=3286"}],"version-history":[{"count":2,"href":"https:\/\/agronoticias.es\/de\/wp-json\/wp\/v2\/posts\/3286\/revisions"}],"predecessor-version":[{"id":3289,"href":"https:\/\/agronoticias.es\/de\/wp-json\/wp\/v2\/posts\/3286\/revisions\/3289"}],"wp:featuredmedia":[{"embeddable":true,"href":"https:\/\/agronoticias.es\/de\/wp-json\/wp\/v2\/media\/3287"}],"wp:attachment":[{"href":"https:\/\/agronoticias.es\/de\/wp-json\/wp\/v2\/media?parent=3286"}],"wp:term":[{"taxonomy":"category","embeddable":true,"href":"https:\/\/agronoticias.es\/de\/wp-json\/wp\/v2\/categories?post=3286"},{"taxonomy":"post_tag","embeddable":true,"href":"https:\/\/agronoticias.es\/de\/wp-json\/wp\/v2\/tags?post=3286"}],"curies":[{"name":"wp","href":"https:\/\/api.w.org\/{rel}","templated":true}]}}