{"id":3278,"date":"2025-08-26T09:48:04","date_gmt":"2025-08-26T07:48:04","guid":{"rendered":"https:\/\/agronoticias.es\/de\/?p=3278"},"modified":"2025-08-26T10:06:20","modified_gmt":"2025-08-26T08:06:20","slug":"spanien-nach-zwei-ertragsschwachen-jahren-erwarten-andalusische-mangoproduzenten-wieder-gute-ernte","status":"publish","type":"post","link":"https:\/\/agronoticias.es\/de\/spanien-nach-zwei-ertragsschwachen-jahren-erwarten-andalusische-mangoproduzenten-wieder-gute-ernte\/","title":{"rendered":"Spanien &#8211; Nach zwei ertragsschwachen Jahren erwarten andalusische Mangoproduzenten wieder gute Ernte"},"content":{"rendered":"\n<p><\/p>\n\n\n\n<p>Die Mango-Produktion auf der iberischen Halbinsel konzentriert sich auf die andalusischen Provinzen M\u00e1laga (95 %) und Granada (5 %). Dieses Jahr rechnen die Produzenten mit einer Gesamternte von 30.000 t bis 35.000 t, die in den Monaten September und Oktober auf dem europ\u00e4ischen Markt sein werden. Die ausgiebigen Regenf\u00e4lle im Herbst 2024 haben nach drei Jahren Trockenheit die Wasserreservoire gef\u00fcllt und die Mangob\u00e4ume \u2018aufbl\u00fchen\u2019 lassen.<\/p>\n\n\n\n<p>Etwa 50 % der spanischen Mangos werden von Mitgliedern der Erzeugergemeinschaft TROPS mit Sitz in V\u00e9lez-M\u00e1laga produziert und \u00fcber die Genossenschaft vermarktet. \u201eDerzeit werden die fr\u00fchen Sorten T. Atkins und die Premiumsorte Irwin angeboten und in KW 36 die ersten Mengen Osteen f\u00fcr die europ\u00e4ischen Trops-Kunden auf dem Markt verf\u00fcgbar sein. In dieser Saison werden gute Mengen in allen Kalibern erwartet\u201c, informierte TROPS.<\/p>\n\n\n\n<p class=\"has-text-align-center\"> <img fetchpriority=\"high\" decoding=\"async\" width=\"500\" height=\"281\" class=\"wp-image-3280\" style=\"width: 500px;\" src=\"https:\/\/agronoticias.es\/de\/wp-content\/uploads\/2025\/08\/Mangos-Trops-2.jpeg\" alt=\"\" srcset=\"https:\/\/agronoticias.es\/de\/wp-content\/uploads\/2025\/08\/Mangos-Trops-2.jpeg 480w, https:\/\/agronoticias.es\/de\/wp-content\/uploads\/2025\/08\/Mangos-Trops-2-300x169.jpeg 300w\" sizes=\"(max-width: 500px) 100vw, 500px\" \/><\/p>\n\n\n\n<p>Osteen ist mit einem Anteil von 70 % bis 75 % die am h\u00e4ufigsten angebaute Sorte in Andalusien und erfreut sich aufgrund ihrer guten Anpassung an das lokale Klima und des guten Ertrags gro\u00dfer Beliebtheit bei den Produzenten. Neben Osteen vervollst\u00e4ndigen die sp\u00e4te Sorte Keitt und in geringerem Ma\u00dfe Kent und Palmer das Sortenspektrum.<\/p>\n\n\n\n<p>TROPS f\u00fchrte weiter aus: \u201eVor 20 Jahren war die Vermarktung der Osteen-Mango schwierig, da sie fast ausschlie\u00dflich in Spanien angebaut wurde und im europ\u00e4ischen Lebensmitteleinzelhandel und -gro\u00dfhandel praktisch unbekannt war. Mittlerweile ist sie auf den europ\u00e4ischen M\u00e4rkten angekommen und wird dank ihrer attraktiven Farbe und ihres hervorragenden Geschmacks sowohl vom Einzelhandel als auch von den Verbrauchern sehr gesch\u00e4tzt.\u201c<\/p>\n\n\n\n<p>Dank ihrer N\u00e4he zum Markt k\u00f6nnen spanische Mangos mit einem h\u00f6heren Brix-Wert geerntet werden, ben\u00f6tigen nur wenige Tage zum Reifen und entwickeln ein sehr intensives Aroma. Eine Ausnahme bildet die Premiumsorte Irwin, die vollreif geerntet wird.<\/p>\n\n\n\n<p>\u201eDaher sind spanische Mangos qualitativ mit per Luftfracht gelieferten Mangos vergleichbar, die das ganze Jahr \u00fcber von Importeuren und Gro\u00dfh\u00e4ndlern vermarktet werden. Im Vergleich zu Mangos, die von au\u00dferhalb Europas importiert werden, profitieren spanische Mangos von logistischen Vorteilen: Sie k\u00f6nnen mit K\u00fchllastwagen innerhalb von ein bis vier Tagen an fast alle europ\u00e4ischen Bestimmungsorte geliefert werden und von der Ernte im Feld \u00fcber die Verpackung und Reifung bis hin zur Auslieferung an den Kunden vergeht oft weniger als eine Woche\u201c, betonte die Genossenschaft.<\/p>\n\n\n\n<p>TROPS hofft, dass mit der diesj\u00e4hrigen Kampagne die spanischen Mangos auch in Zukunft in den Monaten September und Oktober im europ\u00e4ischen Retail und Gro\u00dfhandel sehr pr\u00e4sent sein werden und das Angebot mit Qualit\u00e4tsmangos bereichern. Quelle und Fotos: Trops<\/p>\n\n\n\n<p><\/p>\n","protected":false},"excerpt":{"rendered":"<p>Die Mango-Produktion auf der iberischen Halbinsel konzentriert sich auf die andalusischen Provinzen M\u00e1laga (95 %) und Granada (5<\/p>\n","protected":false},"author":1,"featured_media":3284,"comment_status":"closed","ping_status":"closed","sticky":false,"template":"","format":"standard","meta":{"footnotes":""},"categories":[34],"tags":[],"class_list":["post-3278","post","type-post","status-publish","format-standard","has-post-thumbnail","hentry","category-allgemein"],"featured_image_urls":{"full":["https:\/\/agronoticias.es\/de\/wp-content\/uploads\/2025\/08\/Campo_Mangos.jpeg",2048,1536,false],"thumbnail":["https:\/\/agronoticias.es\/de\/wp-content\/uploads\/2025\/08\/Campo_Mangos-150x150.jpeg",150,150,true],"medium":["https:\/\/agronoticias.es\/de\/wp-content\/uploads\/2025\/08\/Campo_Mangos-300x225.jpeg",300,225,true],"medium_large":["https:\/\/agronoticias.es\/de\/wp-content\/uploads\/2025\/08\/Campo_Mangos-768x576.jpeg",640,480,true],"large":["https:\/\/agronoticias.es\/de\/wp-content\/uploads\/2025\/08\/Campo_Mangos-1024x768.jpeg",640,480,true],"1536x1536":["https:\/\/agronoticias.es\/de\/wp-content\/uploads\/2025\/08\/Campo_Mangos-1536x1152.jpeg",1536,1152,true],"2048x2048":["https:\/\/agronoticias.es\/de\/wp-content\/uploads\/2025\/08\/Campo_Mangos.jpeg",2048,1536,false],"morenews-large":["https:\/\/agronoticias.es\/de\/wp-content\/uploads\/2025\/08\/Campo_Mangos-825x575.jpeg",825,575,true],"morenews-medium":["https:\/\/agronoticias.es\/de\/wp-content\/uploads\/2025\/08\/Campo_Mangos-590x410.jpeg",590,410,true]},"author_info":{"display_name":"admin","author_link":"https:\/\/agronoticias.es\/de\/author\/admin\/"},"category_info":"<a href=\"https:\/\/agronoticias.es\/de\/category\/allgemein\/\" rel=\"category tag\">Allgemein<\/a>","tag_info":"Allgemein","comment_count":"0","_links":{"self":[{"href":"https:\/\/agronoticias.es\/de\/wp-json\/wp\/v2\/posts\/3278","targetHints":{"allow":["GET"]}}],"collection":[{"href":"https:\/\/agronoticias.es\/de\/wp-json\/wp\/v2\/posts"}],"about":[{"href":"https:\/\/agronoticias.es\/de\/wp-json\/wp\/v2\/types\/post"}],"author":[{"embeddable":true,"href":"https:\/\/agronoticias.es\/de\/wp-json\/wp\/v2\/users\/1"}],"replies":[{"embeddable":true,"href":"https:\/\/agronoticias.es\/de\/wp-json\/wp\/v2\/comments?post=3278"}],"version-history":[{"count":2,"href":"https:\/\/agronoticias.es\/de\/wp-json\/wp\/v2\/posts\/3278\/revisions"}],"predecessor-version":[{"id":3282,"href":"https:\/\/agronoticias.es\/de\/wp-json\/wp\/v2\/posts\/3278\/revisions\/3282"}],"wp:featuredmedia":[{"embeddable":true,"href":"https:\/\/agronoticias.es\/de\/wp-json\/wp\/v2\/media\/3284"}],"wp:attachment":[{"href":"https:\/\/agronoticias.es\/de\/wp-json\/wp\/v2\/media?parent=3278"}],"wp:term":[{"taxonomy":"category","embeddable":true,"href":"https:\/\/agronoticias.es\/de\/wp-json\/wp\/v2\/categories?post=3278"},{"taxonomy":"post_tag","embeddable":true,"href":"https:\/\/agronoticias.es\/de\/wp-json\/wp\/v2\/tags?post=3278"}],"curies":[{"name":"wp","href":"https:\/\/api.w.org\/{rel}","templated":true}]}}