{"id":3273,"date":"2025-08-22T11:56:41","date_gmt":"2025-08-22T09:56:41","guid":{"rendered":"https:\/\/agronoticias.es\/de\/?p=3273"},"modified":"2025-08-22T11:56:41","modified_gmt":"2025-08-22T09:56:41","slug":"globus-wird-teil-der-neuen-europaischen-einkaufsallianz-concordis","status":"publish","type":"post","link":"https:\/\/agronoticias.es\/de\/globus-wird-teil-der-neuen-europaischen-einkaufsallianz-concordis\/","title":{"rendered":"GLOBUS wird Teil der neuen europ\u00e4ischen Einkaufsallianz Concordis"},"content":{"rendered":"\n<p> <\/p>\n\n\n\n<p>Die GLOBUS Markthallen schlie\u00dfen sich \u00fcber die RTG International der neu gegr\u00fcndeten europ\u00e4ischen Einkaufsallianz Concordis an. Neben GLOBUS geh\u00f6ren auch die europ\u00e4ischen Handelsunternehmen Carrefour und Coop\u00e9rative U zu den Gr\u00fcndungsmitgliedern. Ziel der Allianz ist es, die Wettbewerbsf\u00e4higkeit im europ\u00e4ischen Lebensmitteleinzelhandel nachhaltig zu st\u00e4rken.<\/p>\n\n\n\n<p>\u201eMit Concordis sind wir auf Augenh\u00f6he mit den Top-Playern am Markt\u201c, erkl\u00e4rt Stephanie Lotter, Gesch\u00e4ftsf\u00fchrerin GF Bereich Einkauf\/Sortiment, Marketing, Qualit\u00e4tssicherung und Eigenmarken, der GLOBUS Markthallen. \u201eIn einem herausfordernden Marktumfeld, in dem die Kaufkraft vieler Menschen unter Druck steht, ist es f\u00fcr uns entscheidend, im Sinne unserer Kunden unsere Position gegen\u00fcber internationalen Markenartikelherstellern zu st\u00e4rken.\u201c<\/p>\n\n\n\n<p>Bereits seit mehreren Jahren ist GLOBUS Teil der RTG (Retail Trade Group), einem nationalen Einkaufsverbund mittelst\u00e4ndischer, familiengef\u00fchrter Handelsunternehmen. Mit dem Schritt in die europ\u00e4ische Allianz erweitert GLOBUS nun seine strategische Reichweite deutlich.<\/p>\n\n\n\n<p>St\u00e4rkere Verhandlungsposition durch geb\u00fcndeltes Volumen<\/p>\n\n\n\n<p>Im Rahmen von Concordis b\u00fcndeln die Partner ihre Einkaufsvolumina bei ausgew\u00e4hlten internationalen Markenlieferanten. \u201eDas verschafft uns nicht nur bessere Rahmenbedingungen, sondern erm\u00f6glicht auch Investitionen in Innovation und Qualit\u00e4t \u2013 immer mit dem Ziel, die Erwartungen unserer Kunden langfristig zu erf\u00fcllen\u201c, so Lotter weiter.<\/p>\n\n\n\n<p>Mehrwert f\u00fcr die Kunden<\/p>\n\n\n\n<p>F\u00fcr GLOBUS Kunden bedeutet die neue Partnerschaft vor allem eines: ein weiterhin attraktives Sortiment mit einem \u00fcberzeugenden Preis-Leistungs-Verh\u00e4ltnis. \u201eUnsere lokale St\u00e4rke bleibt klar im Fokus \u2013 insbesondere unsere Eigenproduktionen wie die Fachmetzgerei, Meisterb\u00e4ckerei und Gastronomie\u201c, erkl\u00e4rt Lotter. \u201eEbenso z\u00e4hlen unsere Obst- und Gem\u00fcseabteilung, die Fisch- und K\u00e4setheken sowie unsere umfangreichen&nbsp; Nonfood-Sortimente dazu. Dank Concordis k\u00f6nnen wir auch f\u00fcr die klassischen Markensortimente in den kommenden Jahren sicherstellen, dass wir in unseren GLOBUS Markthallen die richtigen Produkte zu fairen Preisen anbieten.\u201c<\/p>\n\n\n\n<p>Mit dem Beitritt zu Concordis setzt GLOBUS ein klares Zeichen f\u00fcr die Zukunft: mehr Schlagkraft im internationalen Wettbewerb \u2013 bei gleichbleibender N\u00e4he zu den Kunden in jeder einzelnen Markthalle. Quelle und Foto: Globus<\/p>\n\n\n\n<p><\/p>\n","protected":false},"excerpt":{"rendered":"<p>Die GLOBUS Markthallen schlie\u00dfen sich \u00fcber die RTG International der neu gegr\u00fcndeten europ\u00e4ischen Einkaufsallianz Concordis an. Neben GLOBUS<\/p>\n","protected":false},"author":1,"featured_media":3274,"comment_status":"closed","ping_status":"closed","sticky":false,"template":"","format":"standard","meta":{"footnotes":""},"categories":[34],"tags":[],"class_list":["post-3273","post","type-post","status-publish","format-standard","has-post-thumbnail","hentry","category-allgemein"],"featured_image_urls":{"full":["https:\/\/agronoticias.es\/de\/wp-content\/uploads\/2025\/08\/globus-logo.webp",400,400,false],"thumbnail":["https:\/\/agronoticias.es\/de\/wp-content\/uploads\/2025\/08\/globus-logo-150x150.webp",150,150,true],"medium":["https:\/\/agronoticias.es\/de\/wp-content\/uploads\/2025\/08\/globus-logo-300x300.webp",300,300,true],"medium_large":["https:\/\/agronoticias.es\/de\/wp-content\/uploads\/2025\/08\/globus-logo.webp",400,400,false],"large":["https:\/\/agronoticias.es\/de\/wp-content\/uploads\/2025\/08\/globus-logo.webp",400,400,false],"1536x1536":["https:\/\/agronoticias.es\/de\/wp-content\/uploads\/2025\/08\/globus-logo.webp",400,400,false],"2048x2048":["https:\/\/agronoticias.es\/de\/wp-content\/uploads\/2025\/08\/globus-logo.webp",400,400,false],"morenews-large":["https:\/\/agronoticias.es\/de\/wp-content\/uploads\/2025\/08\/globus-logo.webp",400,400,false],"morenews-medium":["https:\/\/agronoticias.es\/de\/wp-content\/uploads\/2025\/08\/globus-logo.webp",400,400,false]},"author_info":{"display_name":"admin","author_link":"https:\/\/agronoticias.es\/de\/author\/admin\/"},"category_info":"<a href=\"https:\/\/agronoticias.es\/de\/category\/allgemein\/\" rel=\"category tag\">Allgemein<\/a>","tag_info":"Allgemein","comment_count":"0","_links":{"self":[{"href":"https:\/\/agronoticias.es\/de\/wp-json\/wp\/v2\/posts\/3273","targetHints":{"allow":["GET"]}}],"collection":[{"href":"https:\/\/agronoticias.es\/de\/wp-json\/wp\/v2\/posts"}],"about":[{"href":"https:\/\/agronoticias.es\/de\/wp-json\/wp\/v2\/types\/post"}],"author":[{"embeddable":true,"href":"https:\/\/agronoticias.es\/de\/wp-json\/wp\/v2\/users\/1"}],"replies":[{"embeddable":true,"href":"https:\/\/agronoticias.es\/de\/wp-json\/wp\/v2\/comments?post=3273"}],"version-history":[{"count":1,"href":"https:\/\/agronoticias.es\/de\/wp-json\/wp\/v2\/posts\/3273\/revisions"}],"predecessor-version":[{"id":3275,"href":"https:\/\/agronoticias.es\/de\/wp-json\/wp\/v2\/posts\/3273\/revisions\/3275"}],"wp:featuredmedia":[{"embeddable":true,"href":"https:\/\/agronoticias.es\/de\/wp-json\/wp\/v2\/media\/3274"}],"wp:attachment":[{"href":"https:\/\/agronoticias.es\/de\/wp-json\/wp\/v2\/media?parent=3273"}],"wp:term":[{"taxonomy":"category","embeddable":true,"href":"https:\/\/agronoticias.es\/de\/wp-json\/wp\/v2\/categories?post=3273"},{"taxonomy":"post_tag","embeddable":true,"href":"https:\/\/agronoticias.es\/de\/wp-json\/wp\/v2\/tags?post=3273"}],"curies":[{"name":"wp","href":"https:\/\/api.w.org\/{rel}","templated":true}]}}