{"id":3256,"date":"2025-08-18T12:31:11","date_gmt":"2025-08-18T10:31:11","guid":{"rendered":"https:\/\/agronoticias.es\/de\/?p=3256"},"modified":"2025-08-18T12:46:28","modified_gmt":"2025-08-18T10:46:28","slug":"apfelernte-2025-ubersteigt-voraussichtlich-1-million-tonnen-marke","status":"publish","type":"post","link":"https:\/\/agronoticias.es\/de\/apfelernte-2025-ubersteigt-voraussichtlich-1-million-tonnen-marke\/","title":{"rendered":"Apfelernte 2025 \u00fcbersteigt voraussichtlich 1-Million-Tonnen-Marke"},"content":{"rendered":"\n<p><\/p>\n\n\n\n<p>Die deutschen Obstbaubetriebe erwarten im Jahr 2025 eine \u00fcberdurchschnittliche Apfelernte von rund 1 009 000 Tonnen. Wie das Statistische Bundesamt (Destatis) nach einer ersten Sch\u00e4tzung vom Juli 2025 mitteilt, werden damit voraussichtlich 38 300 Tonnen (+3,9 %) mehr \u00c4pfel geerntet als im Durchschnitt der vergangenen zehn Jahre (970 500 Tonnen). Die Millionen-Tonnen-Marke wird damit zum ersten Mal seit 2022 (1 071 000 Tonnen) wieder erreicht und die vergleichsweise geringe Apfelernte des Vorjahres (872 000 Tonnen) um 15,7 % \u00fcbertroffen. Grund f\u00fcr die positiven Ernteerwartungen sind die milden Witterungsbedingungen zur Bl\u00fctezeit sowie in den meisten Anbauregionen ausgebliebene Frost- und Hagelereignisse.<\/p>\n\n\n\n<p>\u00c4pfel werden 2025 bundesweit auf einer Fl\u00e4che von 32 700 Hektar erzeugt und bleiben das mit Abstand am meisten geerntete Baumobst in Deutschland. Die bedeutendsten Anbauregionen liegen in Baden-W\u00fcrttemberg (Bodenseeregion) und Niedersachsen (Altes Land). In Baden-W\u00fcrttemberg werden auf einer Fl\u00e4che von 11 600 Hektar voraussichtlich 362 000 Tonnen \u00c4pfel geerntet, in Niedersachsen wird auf 8 400 Hektar Anbaufl\u00e4che eine Apfelernte von 330 000 Tonnen erwartet. Diese beiden Bundesl\u00e4nder vereinen damit 61,1 % der Apfelanbaufl\u00e4che in Deutschland und erzeugen mehr als zwei Drittel der heimischen \u00c4pfel (68,6 %).<\/p>\n\n\n\n<p>Pflaumen- und Zwetschenernte auf einem durchschnittlichen Niveau erwartet<\/p>\n\n\n\n<p>Die Pflaumen- und Zwetschenernte wird in diesem Jahr mit 44 500 Tonnen voraussichtlich um 700 Tonnen (+1,6 %) leicht h\u00f6her ausfallen als im Durchschnitt der letzten zehn Jahre (43 800 Tonnen). Auch der Vorjahreswert lag bei 43 800 Tonnen.<\/p>\n\n\n\n<p>Die gr\u00f6\u00dften Anbaufl\u00e4chen f\u00fcr Pflaumen und Zwetschen liegen mit 1 700 Hektar in Baden-W\u00fcrttemberg und mit 900 Hektar in Rheinland-Pfalz. Trotz direkter Nachbarschaft dieser beiden L\u00e4nder zeigen sich deutliche regionale Unterschiede bei der Erntemenge im Vergleich zum Vorjahr. In Baden-W\u00fcrttemberg liegt die diesj\u00e4hrige Erntesch\u00e4tzung f\u00fcr Pflaumen und Zwetschen mit 17 200 Tonnen fast ein Drittel (-32,7 %) unter der im Jahr 2024 erzielten Erntemenge von 25 600 Tonnen. In Rheinland-Pfalz hingegen wird die mit 7 500 Tonnen vergleichsweise geringe Pflaumen- und Zwetschenernte des Vorjahres voraussichtlich um fast die H\u00e4lfte (+46,5 %) auf 11 000 Tonnen ansteigen. Die regionalen Unterschiede beim Vorjahresvergleich basieren auf dem Umstand, dass die baden-w\u00fcrttembergischen Obstbaubetriebe 2024 eine \u00fcberdurchschnittlich gute Pflaumen- und Zwetschenernte erzielten, w\u00e4hrend die \u00fcbrigen Anbauregionen teils starke Ertragseinbu\u00dfen verzeichnet hatten. Bundesweit werden aktuell auf einer Fl\u00e4che von 4 100 Hektar Pflaumen und Zwetschen f\u00fcr den Marktobstanbau erzeugt. Quelle: Destatis<\/p>\n","protected":false},"excerpt":{"rendered":"<p>Die deutschen Obstbaubetriebe erwarten im Jahr 2025 eine \u00fcberdurchschnittliche Apfelernte von rund 1 009 000 Tonnen. Wie das<\/p>\n","protected":false},"author":1,"featured_media":3258,"comment_status":"closed","ping_status":"closed","sticky":false,"template":"","format":"standard","meta":{"footnotes":""},"categories":[34],"tags":[],"class_list":["post-3256","post","type-post","status-publish","format-standard","has-post-thumbnail","hentry","category-allgemein"],"featured_image_urls":{"full":["https:\/\/agronoticias.es\/de\/wp-content\/uploads\/2025\/08\/manzanas-alemania.jpg",800,531,false],"thumbnail":["https:\/\/agronoticias.es\/de\/wp-content\/uploads\/2025\/08\/manzanas-alemania-150x150.jpg",150,150,true],"medium":["https:\/\/agronoticias.es\/de\/wp-content\/uploads\/2025\/08\/manzanas-alemania-300x199.jpg",300,199,true],"medium_large":["https:\/\/agronoticias.es\/de\/wp-content\/uploads\/2025\/08\/manzanas-alemania-768x510.jpg",640,425,true],"large":["https:\/\/agronoticias.es\/de\/wp-content\/uploads\/2025\/08\/manzanas-alemania.jpg",640,425,false],"1536x1536":["https:\/\/agronoticias.es\/de\/wp-content\/uploads\/2025\/08\/manzanas-alemania.jpg",800,531,false],"2048x2048":["https:\/\/agronoticias.es\/de\/wp-content\/uploads\/2025\/08\/manzanas-alemania.jpg",800,531,false],"morenews-large":["https:\/\/agronoticias.es\/de\/wp-content\/uploads\/2025\/08\/manzanas-alemania.jpg",800,531,false],"morenews-medium":["https:\/\/agronoticias.es\/de\/wp-content\/uploads\/2025\/08\/manzanas-alemania-590x410.jpg",590,410,true]},"author_info":{"display_name":"admin","author_link":"https:\/\/agronoticias.es\/de\/author\/admin\/"},"category_info":"<a href=\"https:\/\/agronoticias.es\/de\/category\/allgemein\/\" rel=\"category tag\">Allgemein<\/a>","tag_info":"Allgemein","comment_count":"0","_links":{"self":[{"href":"https:\/\/agronoticias.es\/de\/wp-json\/wp\/v2\/posts\/3256","targetHints":{"allow":["GET"]}}],"collection":[{"href":"https:\/\/agronoticias.es\/de\/wp-json\/wp\/v2\/posts"}],"about":[{"href":"https:\/\/agronoticias.es\/de\/wp-json\/wp\/v2\/types\/post"}],"author":[{"embeddable":true,"href":"https:\/\/agronoticias.es\/de\/wp-json\/wp\/v2\/users\/1"}],"replies":[{"embeddable":true,"href":"https:\/\/agronoticias.es\/de\/wp-json\/wp\/v2\/comments?post=3256"}],"version-history":[{"count":1,"href":"https:\/\/agronoticias.es\/de\/wp-json\/wp\/v2\/posts\/3256\/revisions"}],"predecessor-version":[{"id":3257,"href":"https:\/\/agronoticias.es\/de\/wp-json\/wp\/v2\/posts\/3256\/revisions\/3257"}],"wp:featuredmedia":[{"embeddable":true,"href":"https:\/\/agronoticias.es\/de\/wp-json\/wp\/v2\/media\/3258"}],"wp:attachment":[{"href":"https:\/\/agronoticias.es\/de\/wp-json\/wp\/v2\/media?parent=3256"}],"wp:term":[{"taxonomy":"category","embeddable":true,"href":"https:\/\/agronoticias.es\/de\/wp-json\/wp\/v2\/categories?post=3256"},{"taxonomy":"post_tag","embeddable":true,"href":"https:\/\/agronoticias.es\/de\/wp-json\/wp\/v2\/tags?post=3256"}],"curies":[{"name":"wp","href":"https:\/\/api.w.org\/{rel}","templated":true}]}}