{"id":3252,"date":"2025-08-18T12:03:51","date_gmt":"2025-08-18T10:03:51","guid":{"rendered":"https:\/\/agronoticias.es\/de\/?p=3252"},"modified":"2025-08-18T12:04:51","modified_gmt":"2025-08-18T10:04:51","slug":"spanien-start-der-birnenkampagne-dop-rincon-de-soto","status":"publish","type":"post","link":"https:\/\/agronoticias.es\/de\/spanien-start-der-birnenkampagne-dop-rincon-de-soto\/","title":{"rendered":"Spanien: Start der Birnenkampagne DOP Rinc\u00f3n de Soto"},"content":{"rendered":"\n<p><\/p>\n\n\n\n<p>Nach Information des Kontrollrats der&nbsp; DOP Rinc\u00f3n de Soto (La Rioja) hat in KW 33\/25 die Saison mit der Sorte Blanquilla begonnen. Die Ernte der Conference wird Ende KW 24 starten.<\/p>\n\n\n\n<p>Die Kampagne hat in La Rioja Baja, Arr\u00fabal, Agoncillo, Logro\u00f1o und Fuenmayor begonnen und wird nach und nach alle Gebiete der DOP (g.U.) erreichen. In den \u00fcbrigen Gebieten von La Rioja Media und La Rioja Alta wird der Erntebeginn je nach Entwicklung der Reifeparameter festgelegt, die von den technischen Diensten der g.U. kontrolliert werden.<\/p>\n\n\n\n<p>Der Kontrollrat hebt hervor, dass die diesj\u00e4hrige Ernte von hervorragender Qualit\u00e4t sein wird und sch\u00e4tzungsweise rund 21 Mio kg erwartet werden. Diese Menge h\u00e4tte aufgrund der hervorragenden Kaliber der Birnen und des hohen Zuckergehalts noch h\u00f6her ausfallen k\u00f6nnen, wenn nicht in einigen Gebieten Hagelschlag und Feuerbrandsch\u00e4den aufgetreten w\u00e4ren. \u201eTrotzdem wird eine Saison wie die diesj\u00e4hrige zu einem kontinuierlichen Umsatzwachstum beitragen, so wie es in der letzten Saison mit einer Umsatzsteigerung von 4,8 % erreicht wurde,\u201c so die DOP. In dieser Saison verf\u00fcgt die DOP Rinc\u00f3n de Soto \u00fcber eine Anbaufl\u00e4che von 1.230 ha. Es gibt nach wie vor 19 Vermarktungszentren was fast die Gesamtheit des Vermarktungssektors in La Rioja darstellt. Quelle und Foto: <\/p>\n\n\n\n<p>Der Kontrollrat hebt hervor, dass die diesj\u00e4hrige Ernte von hervorragender Qualit\u00e4t sein wird und sch\u00e4tzungsweise rund 21 Mio kg erwartet werden. Diese Menge h\u00e4tte aufgrund der hervorragenden Kaliber der Birnen und des hohen Zuckergehalts noch h\u00f6her ausfallen k\u00f6nnen, wenn nicht in einigen Gebieten Hagelschlag und Feuerbrandsch\u00e4den aufgetreten w\u00e4ren. \u201eTrotzdem wird eine Saison wie die diesj\u00e4hrige zu einem kontinuierlichen Umsatzwachstum beitragen, so wie es in der letzten Saison mit einer Umsatzsteigerung von 4,8 % erreicht wurde,\u201c so die DOP. In dieser Saison verf\u00fcgt die DOP Rinc\u00f3n de Soto \u00fcber eine Anbaufl\u00e4che von 1.230 ha. Es gibt nach wie vor 19 Vermarktungszentren was fast die Gesamtheit des Vermarktungssektors in La Rioja darstellt. Quelle und Foto: DOP<\/p>\n","protected":false},"excerpt":{"rendered":"<p>Nach Information des Kontrollrats der&nbsp; DOP Rinc\u00f3n de Soto (La Rioja) hat in KW 33\/25 die Saison mit<\/p>\n","protected":false},"author":1,"featured_media":3253,"comment_status":"closed","ping_status":"closed","sticky":false,"template":"","format":"standard","meta":{"footnotes":""},"categories":[34],"tags":[],"class_list":["post-3252","post","type-post","status-publish","format-standard","has-post-thumbnail","hentry","category-allgemein"],"featured_image_urls":{"full":["https:\/\/agronoticias.es\/de\/wp-content\/uploads\/2025\/08\/pera-rincon-de-soto-768x510-1.jpg",768,510,false],"thumbnail":["https:\/\/agronoticias.es\/de\/wp-content\/uploads\/2025\/08\/pera-rincon-de-soto-768x510-1-150x150.jpg",150,150,true],"medium":["https:\/\/agronoticias.es\/de\/wp-content\/uploads\/2025\/08\/pera-rincon-de-soto-768x510-1-300x199.jpg",300,199,true],"medium_large":["https:\/\/agronoticias.es\/de\/wp-content\/uploads\/2025\/08\/pera-rincon-de-soto-768x510-1.jpg",640,425,false],"large":["https:\/\/agronoticias.es\/de\/wp-content\/uploads\/2025\/08\/pera-rincon-de-soto-768x510-1.jpg",640,425,false],"1536x1536":["https:\/\/agronoticias.es\/de\/wp-content\/uploads\/2025\/08\/pera-rincon-de-soto-768x510-1.jpg",768,510,false],"2048x2048":["https:\/\/agronoticias.es\/de\/wp-content\/uploads\/2025\/08\/pera-rincon-de-soto-768x510-1.jpg",768,510,false],"morenews-large":["https:\/\/agronoticias.es\/de\/wp-content\/uploads\/2025\/08\/pera-rincon-de-soto-768x510-1.jpg",768,510,false],"morenews-medium":["https:\/\/agronoticias.es\/de\/wp-content\/uploads\/2025\/08\/pera-rincon-de-soto-768x510-1-590x410.jpg",590,410,true]},"author_info":{"display_name":"admin","author_link":"https:\/\/agronoticias.es\/de\/author\/admin\/"},"category_info":"<a href=\"https:\/\/agronoticias.es\/de\/category\/allgemein\/\" rel=\"category tag\">Allgemein<\/a>","tag_info":"Allgemein","comment_count":"0","_links":{"self":[{"href":"https:\/\/agronoticias.es\/de\/wp-json\/wp\/v2\/posts\/3252","targetHints":{"allow":["GET"]}}],"collection":[{"href":"https:\/\/agronoticias.es\/de\/wp-json\/wp\/v2\/posts"}],"about":[{"href":"https:\/\/agronoticias.es\/de\/wp-json\/wp\/v2\/types\/post"}],"author":[{"embeddable":true,"href":"https:\/\/agronoticias.es\/de\/wp-json\/wp\/v2\/users\/1"}],"replies":[{"embeddable":true,"href":"https:\/\/agronoticias.es\/de\/wp-json\/wp\/v2\/comments?post=3252"}],"version-history":[{"count":2,"href":"https:\/\/agronoticias.es\/de\/wp-json\/wp\/v2\/posts\/3252\/revisions"}],"predecessor-version":[{"id":3255,"href":"https:\/\/agronoticias.es\/de\/wp-json\/wp\/v2\/posts\/3252\/revisions\/3255"}],"wp:featuredmedia":[{"embeddable":true,"href":"https:\/\/agronoticias.es\/de\/wp-json\/wp\/v2\/media\/3253"}],"wp:attachment":[{"href":"https:\/\/agronoticias.es\/de\/wp-json\/wp\/v2\/media?parent=3252"}],"wp:term":[{"taxonomy":"category","embeddable":true,"href":"https:\/\/agronoticias.es\/de\/wp-json\/wp\/v2\/categories?post=3252"},{"taxonomy":"post_tag","embeddable":true,"href":"https:\/\/agronoticias.es\/de\/wp-json\/wp\/v2\/tags?post=3252"}],"curies":[{"name":"wp","href":"https:\/\/api.w.org\/{rel}","templated":true}]}}