{"id":3246,"date":"2025-08-12T12:41:12","date_gmt":"2025-08-12T10:41:12","guid":{"rendered":"https:\/\/agronoticias.es\/de\/?p=3246"},"modified":"2025-08-12T12:41:13","modified_gmt":"2025-08-12T10:41:13","slug":"andalusien-obst-und-gemuseexporte-von-januar-bis-mai-2025-um-11-gestiegen","status":"publish","type":"post","link":"https:\/\/agronoticias.es\/de\/andalusien-obst-und-gemuseexporte-von-januar-bis-mai-2025-um-11-gestiegen\/","title":{"rendered":"Andalusien: Obst- und Gem\u00fcseexporte von Januar bis Mai 2025 um 11 % gestiegen"},"content":{"rendered":"\n<p><a><\/a>Der Umsatz der O+G-Exporte aus Andalusien ist zwischen Januar und Mai 2025 mit 4,555 Mrd Euro im Vergleich zum Vorjahreszeitraum mit 4,087 Mrd um 11% gestiegen. Mengenm\u00e4\u00dfig wurden mehr als 2,2 Mio t ausgef\u00fchrt.<\/p>\n\n\n\n<p>Die vom regionalen Landwirtschaftsministerium analysierten Daten zeigen, dass sich die Ausfuhren von H\u00fclsenfr\u00fcchten und Gem\u00fcse auf 1,5 Mio t im Wert von fast 2,470 Mrd Euro belaufen. Der Export von frischem Obst hat in nur f\u00fcnf Monaten ein Volumen von fast 750.000 t im Wert von 2,086 Mrd Euro erreicht. Von den insgesamt exportierten andalusischen Agrarlebensmittelprodukten im Wert von ca. 8,040 Mrd Euro entf\u00e4llt der Anteil von O+G-Produkten auf rund 57 %.<\/p>\n\n\n\n<p><strong>Exporte von Januar bis Mai nach Provinzen<\/strong><\/p>\n\n\n\n<p>Almer\u00eda 1,4 Mio t und ca. 2,306 Mrd Euro; C\u00e1diz 87.730 t und 107,3 Mio Euro; C\u00f3rdoba \u00fcber 68.900 t und 93,7 Mio Euro; Granada rund 94.570 t und 244,4 Mio Euro; Huelva 319.567 t und 1,3 Mrd Euro; Ja\u00e9n 1.687 t und 5 Mio Euro; M\u00e1laga 99.454 t und 273,5 Mio Euro und Sevilla 136.330 t und 225,3 Mio Euro.<\/p>\n\n\n\n<p>Hauptabnehmer der andalusischen O+G-Exporte war Deutschland mit 704.280 t im Wert von 1,444 Mrd Euro, mit weitem Abstand gefolgt von Frankreich mit 345.930 t im Wert von 617 Mio Euro, die Niederlande 253.430 t und 546,6 Mio Euro und Gro\u00dfbritannien mit 213.250 t und 490 Mio Euro.<\/p>\n\n\n\n<p><strong>Paprika, Erdbeeren und Gurken<\/strong><\/p>\n\n\n\n<p>Besonders hervorzuheben sind die Exporte von Paprika von Januar bis Mai 25, die 294.000 t im Wert von 703,4 Mio Euro \u00fcberschritten haben. Das entspricht einem Anstieg von 21 % im Vergleich zu denselben Monaten 2024 und macht 8,7 % des gesamten internationalen Verkaufs andalusischer Lebensmittel und Getr\u00e4nke in diesem Zeitraum aus.<\/p>\n\n\n\n<p>Auch die Exporte von Erdbeeren spielen eine wichtige wirtschaftliche Rolle. Sie erreichten in diesen f\u00fcnf Monaten \u00fcber 199.000 t und erzielten einen Umsatz von 636 Mio Euro. Das ist im Vergleich zu 2024 ein Wachstum von 8 % und macht fast 8 % der gesamten andalusischen Ausfuhren von Agrarlebensmittel aus.<\/p>\n\n\n\n<p>Das drittwichtigste O+G-Produkt von Andalusien sind Gurken, deren Exporte im Zeitraum Januar-Mai 2025 wertm\u00e4\u00dfig um 22,5 % auf 437,8 Mio Euro (rund 294.000 t) gestiegen sind. Das entspricht einem Anteil von 5,4 % an den gesamten andalusischen Exporten von Agrarlebensmittel in diesen Monaten.<\/p>\n\n\n\n<p>Neben anderen O+G-Produkten exportierte Andalusien in diesem Zeitraum auch Tomaten im Wert von 333,6 Mio Euro, Himbeeren 254 Mio Euro, Avocados 216,6 Mio Euro und Zucchini 209 Mio Euro. Quelle &#8211; Junta de Andaluc\u00eda<\/p>\n","protected":false},"excerpt":{"rendered":"<p>Der Umsatz der O+G-Exporte aus Andalusien ist zwischen Januar und Mai 2025 mit 4,555 Mrd Euro im Vergleich<\/p>\n","protected":false},"author":1,"featured_media":2853,"comment_status":"closed","ping_status":"closed","sticky":false,"template":"","format":"standard","meta":{"footnotes":""},"categories":[34],"tags":[],"class_list":["post-3246","post","type-post","status-publish","format-standard","has-post-thumbnail","hentry","category-allgemein"],"featured_image_urls":{"full":["https:\/\/agronoticias.es\/de\/wp-content\/uploads\/2025\/02\/pepino-y-calabacin.jpg",500,332,false],"thumbnail":["https:\/\/agronoticias.es\/de\/wp-content\/uploads\/2025\/02\/pepino-y-calabacin-150x150.jpg",150,150,true],"medium":["https:\/\/agronoticias.es\/de\/wp-content\/uploads\/2025\/02\/pepino-y-calabacin-300x199.jpg",300,199,true],"medium_large":["https:\/\/agronoticias.es\/de\/wp-content\/uploads\/2025\/02\/pepino-y-calabacin.jpg",500,332,false],"large":["https:\/\/agronoticias.es\/de\/wp-content\/uploads\/2025\/02\/pepino-y-calabacin.jpg",500,332,false],"1536x1536":["https:\/\/agronoticias.es\/de\/wp-content\/uploads\/2025\/02\/pepino-y-calabacin.jpg",500,332,false],"2048x2048":["https:\/\/agronoticias.es\/de\/wp-content\/uploads\/2025\/02\/pepino-y-calabacin.jpg",500,332,false],"morenews-large":["https:\/\/agronoticias.es\/de\/wp-content\/uploads\/2025\/02\/pepino-y-calabacin.jpg",500,332,false],"morenews-medium":["https:\/\/agronoticias.es\/de\/wp-content\/uploads\/2025\/02\/pepino-y-calabacin.jpg",500,332,false]},"author_info":{"display_name":"admin","author_link":"https:\/\/agronoticias.es\/de\/author\/admin\/"},"category_info":"<a href=\"https:\/\/agronoticias.es\/de\/category\/allgemein\/\" rel=\"category tag\">Allgemein<\/a>","tag_info":"Allgemein","comment_count":"0","_links":{"self":[{"href":"https:\/\/agronoticias.es\/de\/wp-json\/wp\/v2\/posts\/3246","targetHints":{"allow":["GET"]}}],"collection":[{"href":"https:\/\/agronoticias.es\/de\/wp-json\/wp\/v2\/posts"}],"about":[{"href":"https:\/\/agronoticias.es\/de\/wp-json\/wp\/v2\/types\/post"}],"author":[{"embeddable":true,"href":"https:\/\/agronoticias.es\/de\/wp-json\/wp\/v2\/users\/1"}],"replies":[{"embeddable":true,"href":"https:\/\/agronoticias.es\/de\/wp-json\/wp\/v2\/comments?post=3246"}],"version-history":[{"count":1,"href":"https:\/\/agronoticias.es\/de\/wp-json\/wp\/v2\/posts\/3246\/revisions"}],"predecessor-version":[{"id":3247,"href":"https:\/\/agronoticias.es\/de\/wp-json\/wp\/v2\/posts\/3246\/revisions\/3247"}],"wp:featuredmedia":[{"embeddable":true,"href":"https:\/\/agronoticias.es\/de\/wp-json\/wp\/v2\/media\/2853"}],"wp:attachment":[{"href":"https:\/\/agronoticias.es\/de\/wp-json\/wp\/v2\/media?parent=3246"}],"wp:term":[{"taxonomy":"category","embeddable":true,"href":"https:\/\/agronoticias.es\/de\/wp-json\/wp\/v2\/categories?post=3246"},{"taxonomy":"post_tag","embeddable":true,"href":"https:\/\/agronoticias.es\/de\/wp-json\/wp\/v2\/tags?post=3246"}],"curies":[{"name":"wp","href":"https:\/\/api.w.org\/{rel}","templated":true}]}}