{"id":3243,"date":"2025-08-08T11:42:02","date_gmt":"2025-08-08T09:42:02","guid":{"rendered":"https:\/\/agronoticias.es\/de\/?p=3243"},"modified":"2025-08-08T11:42:03","modified_gmt":"2025-08-08T09:42:03","slug":"zwischen-e-ladesaule-und-kohlekraftwerk","status":"publish","type":"post","link":"https:\/\/agronoticias.es\/de\/zwischen-e-ladesaule-und-kohlekraftwerk\/","title":{"rendered":"Zwischen E-Lades\u00e4ule und Kohlekraftwerk"},"content":{"rendered":"\n<p>Ein beeindruckendes Bild zeichnete sich in der vergangenen Woche beim EHI-Arbeitskreis Klima &amp; Energie ab. Die rund 20 Teilnehmerinnen und Teilnehmer besuchten den in Bergheim-Niederau\u00dfem ans\u00e4ssigen Penny-Markt, der sich in direkter Nachbarschaft zum bekannten Braunkohlekraftwerk befindet.<\/p>\n\n\n\n<p>Dabei h\u00e4tte der Kontrast nicht gr\u00f6\u00dfer sein k\u00f6nnen: Auf der einen Seite der zukunftsorientierte Supermarkt mit Ladeinfrastruktur und modernster Technik, auf der anderen Seite die alte Energiewelt in Form des Braunkohlekraftwerks.<\/p>\n\n\n\n<p>Neben einer F\u00fchrung durch den mit moderner Anlagentechnik ausgestatteten Markt kam der Arbeitskreis zu einem wertvollen fachlichen Austausch zusammen. Dabei standen die Optimierung des Energiemanagements, neue M\u00f6glichkeiten durch KI und die Einbindung der Wissenschaft bei nachhaltigen Handelsimmobilien auf der Agenda.<\/p>\n\n\n\n<p>Erneut hat sich gezeigt, dass der Handel beim Klimaschutz eine Vorreiterrolle einnimmt. Bereits heute setzt er als Zeichen der Energiewende auf einen breiten Einsatz von W\u00e4rmepumpen und anderen Klimal\u00f6sungen. Quelle und Foto: DHI<\/p>\n\n\n\n<p><\/p>\n\n\n\n<p><\/p>\n","protected":false},"excerpt":{"rendered":"<p>Ein beeindruckendes Bild zeichnete sich in der vergangenen Woche beim EHI-Arbeitskreis Klima &amp; Energie ab. Die rund 20<\/p>\n","protected":false},"author":1,"featured_media":3244,"comment_status":"closed","ping_status":"closed","sticky":false,"template":"","format":"standard","meta":{"footnotes":""},"categories":[34],"tags":[],"class_list":["post-3243","post","type-post","status-publish","format-standard","has-post-thumbnail","hentry","category-allgemein"],"featured_image_urls":{"full":["https:\/\/agronoticias.es\/de\/wp-content\/uploads\/2025\/08\/Pennymarkt-DHI.webp",400,284,false],"thumbnail":["https:\/\/agronoticias.es\/de\/wp-content\/uploads\/2025\/08\/Pennymarkt-DHI-150x150.webp",150,150,true],"medium":["https:\/\/agronoticias.es\/de\/wp-content\/uploads\/2025\/08\/Pennymarkt-DHI-300x213.webp",300,213,true],"medium_large":["https:\/\/agronoticias.es\/de\/wp-content\/uploads\/2025\/08\/Pennymarkt-DHI.webp",400,284,false],"large":["https:\/\/agronoticias.es\/de\/wp-content\/uploads\/2025\/08\/Pennymarkt-DHI.webp",400,284,false],"1536x1536":["https:\/\/agronoticias.es\/de\/wp-content\/uploads\/2025\/08\/Pennymarkt-DHI.webp",400,284,false],"2048x2048":["https:\/\/agronoticias.es\/de\/wp-content\/uploads\/2025\/08\/Pennymarkt-DHI.webp",400,284,false],"morenews-large":["https:\/\/agronoticias.es\/de\/wp-content\/uploads\/2025\/08\/Pennymarkt-DHI.webp",400,284,false],"morenews-medium":["https:\/\/agronoticias.es\/de\/wp-content\/uploads\/2025\/08\/Pennymarkt-DHI.webp",400,284,false]},"author_info":{"display_name":"admin","author_link":"https:\/\/agronoticias.es\/de\/author\/admin\/"},"category_info":"<a href=\"https:\/\/agronoticias.es\/de\/category\/allgemein\/\" rel=\"category tag\">Allgemein<\/a>","tag_info":"Allgemein","comment_count":"0","_links":{"self":[{"href":"https:\/\/agronoticias.es\/de\/wp-json\/wp\/v2\/posts\/3243","targetHints":{"allow":["GET"]}}],"collection":[{"href":"https:\/\/agronoticias.es\/de\/wp-json\/wp\/v2\/posts"}],"about":[{"href":"https:\/\/agronoticias.es\/de\/wp-json\/wp\/v2\/types\/post"}],"author":[{"embeddable":true,"href":"https:\/\/agronoticias.es\/de\/wp-json\/wp\/v2\/users\/1"}],"replies":[{"embeddable":true,"href":"https:\/\/agronoticias.es\/de\/wp-json\/wp\/v2\/comments?post=3243"}],"version-history":[{"count":1,"href":"https:\/\/agronoticias.es\/de\/wp-json\/wp\/v2\/posts\/3243\/revisions"}],"predecessor-version":[{"id":3245,"href":"https:\/\/agronoticias.es\/de\/wp-json\/wp\/v2\/posts\/3243\/revisions\/3245"}],"wp:featuredmedia":[{"embeddable":true,"href":"https:\/\/agronoticias.es\/de\/wp-json\/wp\/v2\/media\/3244"}],"wp:attachment":[{"href":"https:\/\/agronoticias.es\/de\/wp-json\/wp\/v2\/media?parent=3243"}],"wp:term":[{"taxonomy":"category","embeddable":true,"href":"https:\/\/agronoticias.es\/de\/wp-json\/wp\/v2\/categories?post=3243"},{"taxonomy":"post_tag","embeddable":true,"href":"https:\/\/agronoticias.es\/de\/wp-json\/wp\/v2\/tags?post=3243"}],"curies":[{"name":"wp","href":"https:\/\/api.w.org\/{rel}","templated":true}]}}