{"id":3236,"date":"2025-08-07T17:38:38","date_gmt":"2025-08-07T15:38:38","guid":{"rendered":"https:\/\/agronoticias.es\/de\/?p=3236"},"modified":"2025-08-07T17:38:38","modified_gmt":"2025-08-07T15:38:38","slug":"bveo-richtet-jubilaums-prognosfruit-2026-in-deutschland-aus","status":"publish","type":"post","link":"https:\/\/agronoticias.es\/de\/bveo-richtet-jubilaums-prognosfruit-2026-in-deutschland-aus\/","title":{"rendered":"BVEO richtet Jubil\u00e4ums-Prognosfruit 2026 in Deutschland aus"},"content":{"rendered":"\n<p><\/p>\n\n\n\n<p>Die Bundesvereinigung der Erzeugerorganisationen Obst und Gem\u00fcse e.V. (BVEO) wird die n\u00e4chste Prognosfruit vom 5. \u2013 7. August 2026 in Konstanz, Deutschland ausrichten. Der j\u00e4hrlich in wechselnden L\u00e4ndern stattfindende Kongress gilt als Branchentreff der Kernobst-Erzeuger weltweit und feiert im kommenden Jahr sein 50-j\u00e4hriges Jubil\u00e4um. \u201eDie Prognosfruit ist seit vielen Jahren ein Fixpunkt im Kalender der Kernobst-Branche. Wir freuen uns sehr \u00fcber die M\u00f6glichkeit, sie in ihrem Jubil\u00e4umsjahr ausrichten zu d\u00fcrfen\u201c, zeigt sich BVEO-Gesch\u00e4ftsf\u00fchrer Dr. Christian Weseloh erfreut. Die Region am Bodensee sei der ideale Veranstaltungsort f\u00fcr diesen Anlass, fand hier doch auch der erste Kongress im Jahr 1976 statt.<\/p>\n\n\n\n<p>Nicht erst seit diesem Jahr stehen Erzeuger von \u00c4pfeln und Birnen vor gro\u00dfen Herausforderungen. Man gehe die Prognosfruit daher mit einem klaren Ziel an: \u201eDer Klimawandel macht die Ernteertr\u00e4ge immer schwieriger kalkulierbar. Regulatorische Einschr\u00e4nkungen bei Pflanzenschutzmitteln und ausufernde Produktionskosten erschweren den Anbau zus\u00e4tzlich. Dar\u00fcber sprechen und gemeinsam L\u00f6sungen finden \u2013 das ist unser Auftrag und unsere St\u00e4rke zugleich\u201c, ist Weseloh \u00fcberzeugt.<\/p>\n\n\n\n<p>Die Prognosfruit 2025 findet derzeit in Angers, Frankreich statt, auch die BVEO ist vor Ort. Wie in jedem Jahr sind Erzeuger, Verarbeiter und H\u00e4ndler aus Europa und der ganzen Welt dem Aufruf gefolgt, um drei Tage lang zu Netzwerken und aktuelle Entwicklungen der Branche zu diskutieren. Mit Spannung erwartet wurden zudem die von der World Apple and Pear Association (WAPA) ver\u00f6ffentlichten Sch\u00e4tzzahlen f\u00fcr die anstehende Erntesaison von \u00c4pfeln und Birnen in Europa. Diese belaufen sich f\u00fcr die Saison 2025\/2026 auf 10,5 Mio. t f\u00fcr \u00c4pfel und 1,79 Mio. t f\u00fcr Birnen. Quelle und Foto: BVEO<br>Foto: v.l.: Dr. Christian Weseloh (Gesch\u00e4ftsf\u00fchrer BVEO) und Philippe Binard (Gesch\u00e4ftsf\u00fchrer WAPA)<\/p>\n","protected":false},"excerpt":{"rendered":"<p>Die Bundesvereinigung der Erzeugerorganisationen Obst und Gem\u00fcse e.V. (BVEO) wird die n\u00e4chste Prognosfruit vom 5. \u2013 7. August<\/p>\n","protected":false},"author":1,"featured_media":3237,"comment_status":"closed","ping_status":"closed","sticky":false,"template":"","format":"standard","meta":{"footnotes":""},"categories":[34],"tags":[],"class_list":["post-3236","post","type-post","status-publish","format-standard","has-post-thumbnail","hentry","category-allgemein"],"featured_image_urls":{"full":["https:\/\/agronoticias.es\/de\/wp-content\/uploads\/2025\/08\/BVEO_PM_Prognosfruit_2025-scaled-1.jpg",800,426,false],"thumbnail":["https:\/\/agronoticias.es\/de\/wp-content\/uploads\/2025\/08\/BVEO_PM_Prognosfruit_2025-scaled-1-150x150.jpg",150,150,true],"medium":["https:\/\/agronoticias.es\/de\/wp-content\/uploads\/2025\/08\/BVEO_PM_Prognosfruit_2025-scaled-1-300x160.jpg",300,160,true],"medium_large":["https:\/\/agronoticias.es\/de\/wp-content\/uploads\/2025\/08\/BVEO_PM_Prognosfruit_2025-scaled-1-768x409.jpg",640,341,true],"large":["https:\/\/agronoticias.es\/de\/wp-content\/uploads\/2025\/08\/BVEO_PM_Prognosfruit_2025-scaled-1.jpg",640,341,false],"1536x1536":["https:\/\/agronoticias.es\/de\/wp-content\/uploads\/2025\/08\/BVEO_PM_Prognosfruit_2025-scaled-1.jpg",800,426,false],"2048x2048":["https:\/\/agronoticias.es\/de\/wp-content\/uploads\/2025\/08\/BVEO_PM_Prognosfruit_2025-scaled-1.jpg",800,426,false],"morenews-large":["https:\/\/agronoticias.es\/de\/wp-content\/uploads\/2025\/08\/BVEO_PM_Prognosfruit_2025-scaled-1.jpg",800,426,false],"morenews-medium":["https:\/\/agronoticias.es\/de\/wp-content\/uploads\/2025\/08\/BVEO_PM_Prognosfruit_2025-scaled-1-590x410.jpg",590,410,true]},"author_info":{"display_name":"admin","author_link":"https:\/\/agronoticias.es\/de\/author\/admin\/"},"category_info":"<a href=\"https:\/\/agronoticias.es\/de\/category\/allgemein\/\" rel=\"category tag\">Allgemein<\/a>","tag_info":"Allgemein","comment_count":"0","_links":{"self":[{"href":"https:\/\/agronoticias.es\/de\/wp-json\/wp\/v2\/posts\/3236","targetHints":{"allow":["GET"]}}],"collection":[{"href":"https:\/\/agronoticias.es\/de\/wp-json\/wp\/v2\/posts"}],"about":[{"href":"https:\/\/agronoticias.es\/de\/wp-json\/wp\/v2\/types\/post"}],"author":[{"embeddable":true,"href":"https:\/\/agronoticias.es\/de\/wp-json\/wp\/v2\/users\/1"}],"replies":[{"embeddable":true,"href":"https:\/\/agronoticias.es\/de\/wp-json\/wp\/v2\/comments?post=3236"}],"version-history":[{"count":1,"href":"https:\/\/agronoticias.es\/de\/wp-json\/wp\/v2\/posts\/3236\/revisions"}],"predecessor-version":[{"id":3238,"href":"https:\/\/agronoticias.es\/de\/wp-json\/wp\/v2\/posts\/3236\/revisions\/3238"}],"wp:featuredmedia":[{"embeddable":true,"href":"https:\/\/agronoticias.es\/de\/wp-json\/wp\/v2\/media\/3237"}],"wp:attachment":[{"href":"https:\/\/agronoticias.es\/de\/wp-json\/wp\/v2\/media?parent=3236"}],"wp:term":[{"taxonomy":"category","embeddable":true,"href":"https:\/\/agronoticias.es\/de\/wp-json\/wp\/v2\/categories?post=3236"},{"taxonomy":"post_tag","embeddable":true,"href":"https:\/\/agronoticias.es\/de\/wp-json\/wp\/v2\/tags?post=3236"}],"curies":[{"name":"wp","href":"https:\/\/api.w.org\/{rel}","templated":true}]}}