{"id":3234,"date":"2025-08-07T17:37:26","date_gmt":"2025-08-07T15:37:26","guid":{"rendered":"https:\/\/agronoticias.es\/de\/?p=3234"},"modified":"2025-08-07T17:37:27","modified_gmt":"2025-08-07T15:37:27","slug":"unsicherheit-steigt-exporte-sinken","status":"publish","type":"post","link":"https:\/\/agronoticias.es\/de\/unsicherheit-steigt-exporte-sinken\/","title":{"rendered":"Unsicherheit steigt, Exporte sinken"},"content":{"rendered":"\n<p><\/p>\n\n\n\n<p>\u00abDie erratische Handelspolitik der USA schl\u00e4gt sich deutlich im Au\u00dfenhandel nieder. Den dritten Monat in Folge sind unsere Exporte in die USA zur\u00fcckgegangen. Die Unsicherheit im Handelsgesch\u00e4ft steigt, das kostet Umsatz. Der Binnenmarkt, sowie \u00fcberhaupt die M\u00e4rkte Europas, erleben hingegen eine Renaissance. Hier finden die Unternehmen verl\u00e4ssliche Rahmenbedingungen und wirtschaftspolitische Stabilit\u00e4t vor. Das m\u00fcssen wir ausbauen\u00bb, fordert Dr. Jandura, Pr\u00e4sident des Bundesverbandes Gro\u00dfhandel, Au\u00dfenhandel, Dienstleistungen (BGA), zu den neuesten Zahlen zum Deutschen Export.<\/p>\n\n\n\n<p>\u00abWir sp\u00fcren immer deutlicher, dass unsere Unternehmen auf die aktuelle Situation reagieren. Die Suche nach neuen M\u00e4rkten ist in vollem Gange. Dabei fallen vor allem unsere Nachbarn in Osteuropa positiv auf\u00bb, analysiert der Au\u00dfenhandelspr\u00e4sident weiter. \u201eWichtig ist, dass wir an unserer Wettbewerbsf\u00e4higkeit arbeiten. Wir m\u00fcssen international konkurrenzf\u00e4hig bleiben. Wenn die Arbeitskosten bei uns Produkte \u00fcberm\u00e4\u00dfig verteuern, k\u00f6nnen wir diese nicht exportieren. Momentan sp\u00fcren wir aber die Auswirkungen des starken Euro. W\u00e4hrend die Exporte noch zus\u00e4tzlich zu den Z\u00f6llen verteuert werden, k\u00f6nnen wir dank unserer stabilen W\u00e4hrung g\u00fcnstig einkaufen.\u201c<\/p>\n\n\n\n<p>\u00abIch fordere Berlin und Br\u00fcssel auf, schnell zu einem stabilen Abkommen mit den USA zu kommen. Unsicherheit ist Gift f\u00fcr das Gesch\u00e4ft. Gleichzeitig m\u00fcssen Freihandelsabkommen mit neuen Partnern verhandelt sowie bestehende Abkommen modernisiert werden. Dieses Zoll-Drama ist hoffentlich der Anschub, endlich den Binnenmarkt zu vollenden und die Barrieren abzubauen. Es ist Zeit zu handeln\u00bb, so Jandura eindringlich.<\/p>\n\n\n\n<p>Im Juni 2025 sind die deutschen Exporte gegen\u00fcber Mai 2025 kalender- und saisonbereinigt um 0,8 % und die Importe um 4,2 % gestiegen. Im Vergleich zum Vorjahresmonat Juni 2024 stiegen die Exporte um 2,4 % und die Importe um 7,9 %, wie das Statistische Bundesamt (Destatis) anhand vorl\u00e4ufiger Ergebnisse weiter mitteilt. Gegen\u00fcber dem Vorjahresmonat Juni 2024 nahmen die Exporte in die Vereinigten Staaten kalender- und saisonbereinigt um 8,4 % ab. Quelle und Foto: BGA<\/p>\n","protected":false},"excerpt":{"rendered":"<p>\u00abDie erratische Handelspolitik der USA schl\u00e4gt sich deutlich im Au\u00dfenhandel nieder. Den dritten Monat in Folge sind unsere<\/p>\n","protected":false},"author":1,"featured_media":3182,"comment_status":"closed","ping_status":"closed","sticky":false,"template":"","format":"standard","meta":{"footnotes":""},"categories":[34],"tags":[],"class_list":["post-3234","post","type-post","status-publish","format-standard","has-post-thumbnail","hentry","category-allgemein"],"featured_image_urls":{"full":["https:\/\/agronoticias.es\/de\/wp-content\/uploads\/2025\/07\/csm_Jandura_BGA.jpg",450,300,false],"thumbnail":["https:\/\/agronoticias.es\/de\/wp-content\/uploads\/2025\/07\/csm_Jandura_BGA-150x150.jpg",150,150,true],"medium":["https:\/\/agronoticias.es\/de\/wp-content\/uploads\/2025\/07\/csm_Jandura_BGA-300x200.jpg",300,200,true],"medium_large":["https:\/\/agronoticias.es\/de\/wp-content\/uploads\/2025\/07\/csm_Jandura_BGA.jpg",450,300,false],"large":["https:\/\/agronoticias.es\/de\/wp-content\/uploads\/2025\/07\/csm_Jandura_BGA.jpg",450,300,false],"1536x1536":["https:\/\/agronoticias.es\/de\/wp-content\/uploads\/2025\/07\/csm_Jandura_BGA.jpg",450,300,false],"2048x2048":["https:\/\/agronoticias.es\/de\/wp-content\/uploads\/2025\/07\/csm_Jandura_BGA.jpg",450,300,false],"morenews-large":["https:\/\/agronoticias.es\/de\/wp-content\/uploads\/2025\/07\/csm_Jandura_BGA.jpg",450,300,false],"morenews-medium":["https:\/\/agronoticias.es\/de\/wp-content\/uploads\/2025\/07\/csm_Jandura_BGA.jpg",450,300,false]},"author_info":{"display_name":"admin","author_link":"https:\/\/agronoticias.es\/de\/author\/admin\/"},"category_info":"<a href=\"https:\/\/agronoticias.es\/de\/category\/allgemein\/\" rel=\"category tag\">Allgemein<\/a>","tag_info":"Allgemein","comment_count":"0","_links":{"self":[{"href":"https:\/\/agronoticias.es\/de\/wp-json\/wp\/v2\/posts\/3234","targetHints":{"allow":["GET"]}}],"collection":[{"href":"https:\/\/agronoticias.es\/de\/wp-json\/wp\/v2\/posts"}],"about":[{"href":"https:\/\/agronoticias.es\/de\/wp-json\/wp\/v2\/types\/post"}],"author":[{"embeddable":true,"href":"https:\/\/agronoticias.es\/de\/wp-json\/wp\/v2\/users\/1"}],"replies":[{"embeddable":true,"href":"https:\/\/agronoticias.es\/de\/wp-json\/wp\/v2\/comments?post=3234"}],"version-history":[{"count":1,"href":"https:\/\/agronoticias.es\/de\/wp-json\/wp\/v2\/posts\/3234\/revisions"}],"predecessor-version":[{"id":3235,"href":"https:\/\/agronoticias.es\/de\/wp-json\/wp\/v2\/posts\/3234\/revisions\/3235"}],"wp:featuredmedia":[{"embeddable":true,"href":"https:\/\/agronoticias.es\/de\/wp-json\/wp\/v2\/media\/3182"}],"wp:attachment":[{"href":"https:\/\/agronoticias.es\/de\/wp-json\/wp\/v2\/media?parent=3234"}],"wp:term":[{"taxonomy":"category","embeddable":true,"href":"https:\/\/agronoticias.es\/de\/wp-json\/wp\/v2\/categories?post=3234"},{"taxonomy":"post_tag","embeddable":true,"href":"https:\/\/agronoticias.es\/de\/wp-json\/wp\/v2\/tags?post=3234"}],"curies":[{"name":"wp","href":"https:\/\/api.w.org\/{rel}","templated":true}]}}