{"id":3230,"date":"2025-08-05T17:54:46","date_gmt":"2025-08-05T15:54:46","guid":{"rendered":"https:\/\/agronoticias.es\/de\/?p=3230"},"modified":"2025-08-05T17:57:45","modified_gmt":"2025-08-05T15:57:45","slug":"oko-flache-in-deutschland-wachst-leicht","status":"publish","type":"post","link":"https:\/\/agronoticias.es\/de\/oko-flache-in-deutschland-wachst-leicht\/","title":{"rendered":"\u00d6ko-Fl\u00e4che in Deutschland w\u00e4chst leicht"},"content":{"rendered":"\n<p><br>Das Bundesministerium f\u00fcr Landwirtschaft, Ern\u00e4hrung und Heimat (BMLEH) hat die Strukturdaten f\u00fcr die \u00d6kologische Land- und Lebensmittelwirtschaft f\u00fcr das Jahr 2024 ver\u00f6ffentlicht. Die \u00f6kologisch bewirtschaftete Fl\u00e4che in Deutschland wuchs leicht um 1,3 Prozent auf 1,91 Millionen Hektar \u2013 damit wird in Deutschland nun auf 11,5 Prozent der gesamten landwirtschaftlichen Fl\u00e4che \u00abBio\u00bb produziert.<\/p>\n\n\n\n<p>Die Zahl der \u00f6kologisch wirtschaftenden Betriebe nahm leicht um 2,2 Prozent ab. Jetzt wirtschaften 35.881 H\u00f6fe in Deutschland \u00f6kologisch. Zwar nutzten auch 2024 Betriebe die Chance und stellten auf den \u00d6kolandbau um \u2013 unter anderem f\u00fchren aber altersbedingte Betriebsaufgaben und fehlende Hofnachfolgen im Saldo zu einem R\u00fcckgang der Betriebszahlen in der \u00f6kologischen Landwirtschaft.<\/p>\n\n\n\n<p>Der Bundesminister f\u00fcr Landwirtschaft, Ern\u00e4hrung und Heimat, Alois Rainer, sagt: \u00abDer \u00d6kolandbau ist ein Innovationsmotor f\u00fcr eine nachhaltige Landwirtschaft, die H\u00f6fe sind wichtige Anker im Dorf. Die Fl\u00e4chenzahlen zeigen: Bio wird nachgefragt. Gleichzeitig d\u00fcrfen wir die Realit\u00e4t in den Betrieben nicht ausblenden: Strukturwandel, schwieriger Generationswechsel und \u00f6konomischer Druck machen auch vor dem \u00d6ko-Sektor nicht Halt. F\u00fcr mich ist deshalb klar: Wer auf Bio umstellen oder weiter \u00f6kologisch wirtschaften will, verdient weiter gezielte Unterst\u00fctzung \u2013 von praxisnaher Forschung bis hin zu besseren Vermarktungschancen f\u00fcr heimische Bio-Produkte. Zudem entlasten wir Bio-Betriebe von unn\u00f6tiger B\u00fcrokratie, wie \u00fcberfl\u00fcssigen Meldepflichten.\u00bb<\/p>\n\n\n\n<p>Die Entwicklung der \u00f6kologischen Landwirtschaft in Deutschland im Jahr 2024 und die Strukturdaten zur Bio-Entwicklung \u00fcber die Jahre k\u00f6nnen Sie <a href=\"https:\/\/www.bmleh.de\/SharedDocs\/Downloads\/DE\/_Landwirtschaft\/Biologischer-Landbau\/oekolandbau-deutschland-strukturdaten-2024.html\">online<\/a> ansehen.<\/p>\n\n\n\n<p><\/p>\n","protected":false},"excerpt":{"rendered":"<p>Das Bundesministerium f\u00fcr Landwirtschaft, Ern\u00e4hrung und Heimat (BMLEH) hat die Strukturdaten f\u00fcr die \u00d6kologische Land- und Lebensmittelwirtschaft f\u00fcr<\/p>\n","protected":false},"author":1,"featured_media":3232,"comment_status":"closed","ping_status":"closed","sticky":false,"template":"","format":"standard","meta":{"footnotes":""},"categories":[34],"tags":[],"class_list":["post-3230","post","type-post","status-publish","format-standard","has-post-thumbnail","hentry","category-allgemein"],"featured_image_urls":{"full":["https:\/\/agronoticias.es\/de\/wp-content\/uploads\/2025\/08\/bio-markt.jpg",2361,939,false],"thumbnail":["https:\/\/agronoticias.es\/de\/wp-content\/uploads\/2025\/08\/bio-markt-150x150.jpg",150,150,true],"medium":["https:\/\/agronoticias.es\/de\/wp-content\/uploads\/2025\/08\/bio-markt-300x119.jpg",300,119,true],"medium_large":["https:\/\/agronoticias.es\/de\/wp-content\/uploads\/2025\/08\/bio-markt-768x305.jpg",640,254,true],"large":["https:\/\/agronoticias.es\/de\/wp-content\/uploads\/2025\/08\/bio-markt-1024x407.jpg",640,254,true],"1536x1536":["https:\/\/agronoticias.es\/de\/wp-content\/uploads\/2025\/08\/bio-markt-1536x611.jpg",1536,611,true],"2048x2048":["https:\/\/agronoticias.es\/de\/wp-content\/uploads\/2025\/08\/bio-markt-2048x815.jpg",2048,815,true],"morenews-large":["https:\/\/agronoticias.es\/de\/wp-content\/uploads\/2025\/08\/bio-markt-825x575.jpg",825,575,true],"morenews-medium":["https:\/\/agronoticias.es\/de\/wp-content\/uploads\/2025\/08\/bio-markt-590x410.jpg",590,410,true]},"author_info":{"display_name":"admin","author_link":"https:\/\/agronoticias.es\/de\/author\/admin\/"},"category_info":"<a href=\"https:\/\/agronoticias.es\/de\/category\/allgemein\/\" rel=\"category tag\">Allgemein<\/a>","tag_info":"Allgemein","comment_count":"0","_links":{"self":[{"href":"https:\/\/agronoticias.es\/de\/wp-json\/wp\/v2\/posts\/3230","targetHints":{"allow":["GET"]}}],"collection":[{"href":"https:\/\/agronoticias.es\/de\/wp-json\/wp\/v2\/posts"}],"about":[{"href":"https:\/\/agronoticias.es\/de\/wp-json\/wp\/v2\/types\/post"}],"author":[{"embeddable":true,"href":"https:\/\/agronoticias.es\/de\/wp-json\/wp\/v2\/users\/1"}],"replies":[{"embeddable":true,"href":"https:\/\/agronoticias.es\/de\/wp-json\/wp\/v2\/comments?post=3230"}],"version-history":[{"count":1,"href":"https:\/\/agronoticias.es\/de\/wp-json\/wp\/v2\/posts\/3230\/revisions"}],"predecessor-version":[{"id":3231,"href":"https:\/\/agronoticias.es\/de\/wp-json\/wp\/v2\/posts\/3230\/revisions\/3231"}],"wp:featuredmedia":[{"embeddable":true,"href":"https:\/\/agronoticias.es\/de\/wp-json\/wp\/v2\/media\/3232"}],"wp:attachment":[{"href":"https:\/\/agronoticias.es\/de\/wp-json\/wp\/v2\/media?parent=3230"}],"wp:term":[{"taxonomy":"category","embeddable":true,"href":"https:\/\/agronoticias.es\/de\/wp-json\/wp\/v2\/categories?post=3230"},{"taxonomy":"post_tag","embeddable":true,"href":"https:\/\/agronoticias.es\/de\/wp-json\/wp\/v2\/tags?post=3230"}],"curies":[{"name":"wp","href":"https:\/\/api.w.org\/{rel}","templated":true}]}}