{"id":3221,"date":"2025-08-05T16:38:45","date_gmt":"2025-08-05T14:38:45","guid":{"rendered":"https:\/\/agronoticias.es\/de\/?p=3221"},"modified":"2025-08-05T16:39:03","modified_gmt":"2025-08-05T14:39:03","slug":"almeria-stabile-anbauflachen-in-der-gemusesaison-2025-26","status":"publish","type":"post","link":"https:\/\/agronoticias.es\/de\/almeria-stabile-anbauflachen-in-der-gemusesaison-2025-26\/","title":{"rendered":"Almer\u00eda \u2013 Stabile Anbaufl\u00e4chen in der Gem\u00fcsesaison 2025\/26"},"content":{"rendered":"\n<p><\/p>\n\n\n\n<p>Nach ersten Sch\u00e4tzungen der Agrarorganisation Asaja Almer\u00eda wird die Anbaufl\u00e4che der verschiedenen Kulturen in der neuen Saison 25\/26 stabil bleiben. Probleme mit Parvispinus im vergangenen Herbst und andere Vorkommnisse werden sie voraussichtlich nicht ver\u00e4ndern.<\/p>\n\n\n\n<p>Nach Produkten wird die Fl\u00e4che f\u00fcr Paprika auf 12.700 ha gesch\u00e4tzt, was dem Vorjahresniveau entspricht, allerdings mit einer Woche Verz\u00f6gerung. Bei den Sorten dominiert weiter Typ Californa, aberTyp Palermo gewinnt weiter an Boden.<\/p>\n\n\n\n<p>Tomaten hingegen werden mit einer gesch\u00e4tzten Anbaufl\u00e4che von 9.000 ha um 2,8 % zunehmen, nachdem sie in der letzten Saison an Anbaufl\u00e4che verloren haben. Was die Sorten angeht, so nehmen sie f\u00fcr Tomaten Pera, &nbsp;Tomaten Cherry und andere Tomatenspezialit\u00e4ten zu.<\/p>\n\n\n\n<p>Gurken verzeichnen nach einer akzeptablen Saison weiterhin ein stabiles Wachstum. Die gesch\u00e4tzte Fl\u00e4che wird bei 6.400 ha liegen, wobei zu ber\u00fccksichtigen ist, dass es sich um eine Kultur mit einem Doppel-Zyklus handelt. &nbsp;Was die Sorten betrifft, so macht Typ Almer\u00eda mehr als 80 % aus und die pepino corto 10 %.<\/p>\n\n\n\n<p>Die Anbaufl\u00e4che f\u00fcr Zucchini bleibt mit 7.750 ha ebenfalls stabil. Aufgrund der niedrigen Preise im Fr\u00fchjahr wird sie nicht weiter wachsen. &nbsp;Auberginen, ein von Natur aus stabiles Produkt in Almer\u00eda, wird einen leichten Anstieg von 3 % verzeichnen und&nbsp; 2.420 ha erreichen.<\/p>\n\n\n\n<p>\u201eWir haben eine Stabilisierung der almeriensischen Anbaufl\u00e4chen erreicht, was zeigt, dass sich die Erzeuger zunehmend auf ihre Kulturen spezialisieren, um effizienter zu sein\u201c, betonte Adoraci\u00f3n Blanque, Pr\u00e4sidentin von ASAJA Almer\u00eda. \u201eWir werden die Entwicklung der Pflanzungen weiter analysieren, wobei wir hoffen, dass das Wetter kein Problem f\u00fcr die erfolgreiche Entwicklung der Kulturen darstellt. Die wichtigsten Herausforderungen der Kampagne 2025\/2026 werden die Bek\u00e4mpfung von Sch\u00e4dlingen und Viren, die Begrenzung der Produktionskosten sowie die Sicherung der Wasserressourcen in der Provinz sein\u201c, erkl\u00e4rte sie abschliessend. Quelle und Foto:Asaja Almer\u00eda<\/p>\n","protected":false},"excerpt":{"rendered":"<p>Nach ersten Sch\u00e4tzungen der Agrarorganisation Asaja Almer\u00eda wird die Anbaufl\u00e4che der verschiedenen Kulturen in der neuen Saison 25\/26<\/p>\n","protected":false},"author":1,"featured_media":3222,"comment_status":"closed","ping_status":"closed","sticky":false,"template":"","format":"standard","meta":{"footnotes":""},"categories":[34],"tags":[],"class_list":["post-3221","post","type-post","status-publish","format-standard","has-post-thumbnail","hentry","category-allgemein"],"featured_image_urls":{"full":["https:\/\/agronoticias.es\/de\/wp-content\/uploads\/2025\/08\/invernadero-Almeria-Asaja-Almeria.jpg",768,576,false],"thumbnail":["https:\/\/agronoticias.es\/de\/wp-content\/uploads\/2025\/08\/invernadero-Almeria-Asaja-Almeria-150x150.jpg",150,150,true],"medium":["https:\/\/agronoticias.es\/de\/wp-content\/uploads\/2025\/08\/invernadero-Almeria-Asaja-Almeria-300x225.jpg",300,225,true],"medium_large":["https:\/\/agronoticias.es\/de\/wp-content\/uploads\/2025\/08\/invernadero-Almeria-Asaja-Almeria.jpg",640,480,false],"large":["https:\/\/agronoticias.es\/de\/wp-content\/uploads\/2025\/08\/invernadero-Almeria-Asaja-Almeria.jpg",640,480,false],"1536x1536":["https:\/\/agronoticias.es\/de\/wp-content\/uploads\/2025\/08\/invernadero-Almeria-Asaja-Almeria.jpg",768,576,false],"2048x2048":["https:\/\/agronoticias.es\/de\/wp-content\/uploads\/2025\/08\/invernadero-Almeria-Asaja-Almeria.jpg",768,576,false],"morenews-large":["https:\/\/agronoticias.es\/de\/wp-content\/uploads\/2025\/08\/invernadero-Almeria-Asaja-Almeria.jpg",767,575,false],"morenews-medium":["https:\/\/agronoticias.es\/de\/wp-content\/uploads\/2025\/08\/invernadero-Almeria-Asaja-Almeria-590x410.jpg",590,410,true]},"author_info":{"display_name":"admin","author_link":"https:\/\/agronoticias.es\/de\/author\/admin\/"},"category_info":"<a href=\"https:\/\/agronoticias.es\/de\/category\/allgemein\/\" rel=\"category tag\">Allgemein<\/a>","tag_info":"Allgemein","comment_count":"0","_links":{"self":[{"href":"https:\/\/agronoticias.es\/de\/wp-json\/wp\/v2\/posts\/3221","targetHints":{"allow":["GET"]}}],"collection":[{"href":"https:\/\/agronoticias.es\/de\/wp-json\/wp\/v2\/posts"}],"about":[{"href":"https:\/\/agronoticias.es\/de\/wp-json\/wp\/v2\/types\/post"}],"author":[{"embeddable":true,"href":"https:\/\/agronoticias.es\/de\/wp-json\/wp\/v2\/users\/1"}],"replies":[{"embeddable":true,"href":"https:\/\/agronoticias.es\/de\/wp-json\/wp\/v2\/comments?post=3221"}],"version-history":[{"count":2,"href":"https:\/\/agronoticias.es\/de\/wp-json\/wp\/v2\/posts\/3221\/revisions"}],"predecessor-version":[{"id":3224,"href":"https:\/\/agronoticias.es\/de\/wp-json\/wp\/v2\/posts\/3221\/revisions\/3224"}],"wp:featuredmedia":[{"embeddable":true,"href":"https:\/\/agronoticias.es\/de\/wp-json\/wp\/v2\/media\/3222"}],"wp:attachment":[{"href":"https:\/\/agronoticias.es\/de\/wp-json\/wp\/v2\/media?parent=3221"}],"wp:term":[{"taxonomy":"category","embeddable":true,"href":"https:\/\/agronoticias.es\/de\/wp-json\/wp\/v2\/categories?post=3221"},{"taxonomy":"post_tag","embeddable":true,"href":"https:\/\/agronoticias.es\/de\/wp-json\/wp\/v2\/tags?post=3221"}],"curies":[{"name":"wp","href":"https:\/\/api.w.org\/{rel}","templated":true}]}}