{"id":3215,"date":"2025-08-05T12:33:57","date_gmt":"2025-08-05T10:33:57","guid":{"rendered":"https:\/\/agronoticias.es\/de\/?p=3215"},"modified":"2025-08-05T12:33:57","modified_gmt":"2025-08-05T10:33:57","slug":"valencia-erneut-kleinere-citrusernte-25-26-erwartet","status":"publish","type":"post","link":"https:\/\/agronoticias.es\/de\/valencia-erneut-kleinere-citrusernte-25-26-erwartet\/","title":{"rendered":"Valencia: Erneut kleinere Citrusernte 25\/26 erwartet"},"content":{"rendered":"\n<p><\/p>\n\n\n\n<p>Nach Information der Agrarorganisation La Uni\u00f3 Llauradora wird die valencianische Citrusproduktion 2025\/26 voraussichtlich erneut unter dem Produktionsdurchschnitt der letzten Jahre liegen. Dadurch setzt sich ein besorgniserregender Abw\u00e4rtstrend fort, der bereits seit sechs Jahren in Folge anh\u00e4lt. Die Organisation prognostiziert eine vorl\u00e4ufige Erntemenge von etwa 2,68 Mio t in allen valencianischen Anbaugebieten, was einem leichten R\u00fcckgang von fast 3 % gegen\u00fcber den 2,76 Mio t der vergangenen Saison entspricht. Trotz dieses allgemeinen R\u00fcckgangs bleibt Valencia weiterhin das wichtigste Citrus-Anbaugebiet Spaniens. Die Sch\u00e4tzung wurde Ende Juli vorgenommen und basiert auf einer technischen Analyse von LA UNI\u00d3, wobei die Wetterbedingungen, der Zustand der Betriebe und die Auswirkungen von Sch\u00e4dlingsbefall ber\u00fccksichtigt wurden.<\/p>\n\n\n\n<p>Der Fr\u00fchling begann mit guten Feuchtigkeitsbedingungen, die ein normales Austreiben und Bl\u00fchen beg\u00fcnstigten. Ab Juni f\u00fchrte jedoch der anhaltende Anstieg der Tag- und Nachttemperaturen zu einem starken physiologischen Fruchtfall. Hinzu kamen Hagelschauer in bestimmten Gebieten und ein schwerwiegendes strukturelles Problem: Ein Gro\u00dfteil der Citrusb\u00e4ume in Valencia ist veraltet und bringt nur geringe Ertr\u00e4ge. Der Befall durch verschiedene Sch\u00e4dlinge \u2013 wie Schirtothrips aurantii, Wei\u00dfe Fliege, &nbsp;S\u00fcdafrikanische Baumwollblattlaus (cotonet) und Rote Spinne \u2013 hat in einigen Gebieten ebenfalls zu Ertragseinbu\u00dfen gef\u00fchrt.<\/p>\n\n\n\n<p>Die kleineren Ertr\u00e4ge beg\u00fcnstigen eine f\u00fcr den Handel akzeptable Gr\u00f6\u00dfe, und es werden auch Qualit\u00e4tsfr\u00fcchte erwartet. Die ersten Preise im Ursprung sind positiv, und angesichts des erwarteten geringen Angebots w\u00fcnscht und fordert LA UNI\u00d3, dass es keine gro\u00dfen Preisschwankungen gibt wenn die Nachfrage weiterhin aktiv bleibt. In diesem Sinne betont die Organisation die Notwendigkeit, dass auch die verarbeitende Industrie angemessene Preise zahlt, insbesondere f\u00fcr Obst, das von Hagel betroffen ist oder kleine Kaliber aufweist, um einen rentablen Absatzmarkt f\u00fcr die gesamte Produktion zu erreichen.<\/p>\n\n\n\n<p>LA UNI\u00d3 fordert die zust\u00e4ndigen Beh\u00f6rden auf, entschlossen zu handeln, um den valencianischen Citrusanbau in einem zunehmend komplexen Umfeld zu sch\u00fctzen. In erster Lienie wird das valencianische Landwirtschaftsministerium mit finanzieller Unterst\u00fctzung des spanischen Landwirtschaftsministeriums aufgefordert, dringend eine \u00f6ffentliche Subventionslinie f\u00fcr die Umstellung von Betrieben mit alten B\u00e4umen zu schaffen. Dar\u00fcber hinaus h\u00e4lt es die Organisation f\u00fcr unerl\u00e4sslich, die Pflanzenschutzkontrolle im Ursprung zu verst\u00e4rken und f\u00fcr alle Citrusimporte, unabh\u00e4ngig vom Herkunftsland, eine K\u00e4ltebehandlung zu verlangen, um das Eindringen neuer Sch\u00e4dlinge und Krankheiten zu verhindern, die eine direkte Bedrohung f\u00fcr den einheimischen Anbau darstellen.<\/p>\n\n\n\n<p>Eine weitere von LA UNI\u00d3 hervorgehobene Priorit\u00e4t ist die \u00dcberpr\u00fcfung des Einfuhrpreissystems der Europ\u00e4ischen Union, insbesondere im Fall von Produkten wie Orangen aus \u00c4gypten, die zu Preisen auf den EU-Markt gelangen, die weit unter den tats\u00e4chlichen Produktions- und Verpackungskosten der valencianischen Citrusfr\u00fcchte liegen. Diese Situation f\u00fchrt zu unlauterem Wettbewerb, der die wirtschaftliche Nachhaltigkeit der lokalen Betriebe gef\u00e4hrdet.<\/p>\n\n\n\n<p>Schlie\u00dflich wird die Notwendigkeit angesprochen, wirkungsvolle und kontinuierliche Werbekampagnen zu entwickeln, um den Konsum valencianischer Zitrusfr\u00fcchte zu f\u00f6rdern und dabei deren N\u00e4he, Qualit\u00e4t und Lebensmittelsicherheit hervorzuheben. Diese Kampagnen sollten sowohl nationale als auch internationale Verbraucher erreichen und alle verf\u00fcgbaren Kan\u00e4le nutzen: Medien, soziale Netzwerke, Verkaufsstellen und Agrar-Fachmessen.<\/p>\n\n\n\n<p>\u201eWir stehen vor einer kurzen Kampagne, die jedoch Potenzial hat, wenn sie gut gemanagt wird. Die Qualit\u00e4t kann dazu beitragen, aber wir brauchen institutionelle Unterst\u00fctzung und Respekt f\u00fcr unsere Erzeugnisse auf den M\u00e4rkten\u201c, sagte Carles Peris, Generalsekret\u00e4r La Uni\u00f3 Llauradora, abschliessend. Quelle und Foto: La Uni\u00f3<\/p>\n","protected":false},"excerpt":{"rendered":"<p>Nach Information der Agrarorganisation La Uni\u00f3 Llauradora wird die valencianische Citrusproduktion 2025\/26 voraussichtlich erneut unter dem Produktionsdurchschnitt der<\/p>\n","protected":false},"author":1,"featured_media":3216,"comment_status":"closed","ping_status":"closed","sticky":false,"template":"","format":"standard","meta":{"footnotes":""},"categories":[34],"tags":[],"class_list":["post-3215","post","type-post","status-publish","format-standard","has-post-thumbnail","hentry","category-allgemein"],"featured_image_urls":{"full":["https:\/\/agronoticias.es\/de\/wp-content\/uploads\/2025\/08\/Citricos-campo-8-25-la-unio-768x511-1.jpg",768,511,false],"thumbnail":["https:\/\/agronoticias.es\/de\/wp-content\/uploads\/2025\/08\/Citricos-campo-8-25-la-unio-768x511-1-150x150.jpg",150,150,true],"medium":["https:\/\/agronoticias.es\/de\/wp-content\/uploads\/2025\/08\/Citricos-campo-8-25-la-unio-768x511-1-300x200.jpg",300,200,true],"medium_large":["https:\/\/agronoticias.es\/de\/wp-content\/uploads\/2025\/08\/Citricos-campo-8-25-la-unio-768x511-1.jpg",640,426,false],"large":["https:\/\/agronoticias.es\/de\/wp-content\/uploads\/2025\/08\/Citricos-campo-8-25-la-unio-768x511-1.jpg",640,426,false],"1536x1536":["https:\/\/agronoticias.es\/de\/wp-content\/uploads\/2025\/08\/Citricos-campo-8-25-la-unio-768x511-1.jpg",768,511,false],"2048x2048":["https:\/\/agronoticias.es\/de\/wp-content\/uploads\/2025\/08\/Citricos-campo-8-25-la-unio-768x511-1.jpg",768,511,false],"morenews-large":["https:\/\/agronoticias.es\/de\/wp-content\/uploads\/2025\/08\/Citricos-campo-8-25-la-unio-768x511-1.jpg",768,511,false],"morenews-medium":["https:\/\/agronoticias.es\/de\/wp-content\/uploads\/2025\/08\/Citricos-campo-8-25-la-unio-768x511-1-590x410.jpg",590,410,true]},"author_info":{"display_name":"admin","author_link":"https:\/\/agronoticias.es\/de\/author\/admin\/"},"category_info":"<a href=\"https:\/\/agronoticias.es\/de\/category\/allgemein\/\" rel=\"category tag\">Allgemein<\/a>","tag_info":"Allgemein","comment_count":"0","_links":{"self":[{"href":"https:\/\/agronoticias.es\/de\/wp-json\/wp\/v2\/posts\/3215","targetHints":{"allow":["GET"]}}],"collection":[{"href":"https:\/\/agronoticias.es\/de\/wp-json\/wp\/v2\/posts"}],"about":[{"href":"https:\/\/agronoticias.es\/de\/wp-json\/wp\/v2\/types\/post"}],"author":[{"embeddable":true,"href":"https:\/\/agronoticias.es\/de\/wp-json\/wp\/v2\/users\/1"}],"replies":[{"embeddable":true,"href":"https:\/\/agronoticias.es\/de\/wp-json\/wp\/v2\/comments?post=3215"}],"version-history":[{"count":1,"href":"https:\/\/agronoticias.es\/de\/wp-json\/wp\/v2\/posts\/3215\/revisions"}],"predecessor-version":[{"id":3217,"href":"https:\/\/agronoticias.es\/de\/wp-json\/wp\/v2\/posts\/3215\/revisions\/3217"}],"wp:featuredmedia":[{"embeddable":true,"href":"https:\/\/agronoticias.es\/de\/wp-json\/wp\/v2\/media\/3216"}],"wp:attachment":[{"href":"https:\/\/agronoticias.es\/de\/wp-json\/wp\/v2\/media?parent=3215"}],"wp:term":[{"taxonomy":"category","embeddable":true,"href":"https:\/\/agronoticias.es\/de\/wp-json\/wp\/v2\/categories?post=3215"},{"taxonomy":"post_tag","embeddable":true,"href":"https:\/\/agronoticias.es\/de\/wp-json\/wp\/v2\/tags?post=3215"}],"curies":[{"name":"wp","href":"https:\/\/api.w.org\/{rel}","templated":true}]}}