{"id":3212,"date":"2025-08-04T13:23:23","date_gmt":"2025-08-04T11:23:23","guid":{"rendered":"https:\/\/agronoticias.es\/de\/?p=3212"},"modified":"2025-08-04T13:23:24","modified_gmt":"2025-08-04T11:23:24","slug":"hde-konsumbarometer-im-august-aufwartsbewegung-der-verbraucherstimmung-gerat-ins-stocken","status":"publish","type":"post","link":"https:\/\/agronoticias.es\/de\/hde-konsumbarometer-im-august-aufwartsbewegung-der-verbraucherstimmung-gerat-ins-stocken\/","title":{"rendered":"HDE-Konsumbarometer im August: Aufw\u00e4rtsbewegung der Verbraucherstimmung ger\u00e4t ins Stocken"},"content":{"rendered":"\n<p> <\/p>\n\n\n\n<p>Nachdem sich die Verbraucherstimmung in Deutschland zuletzt weiter aufgehellt hatte, legt der Aufw\u00e4rtstrend im August eine Pause ein. Das geht aus dem aktuellen Konsumbarometer des Handelsverbandes Deutschland (HDE) hervor. Demnach bewegt sich der Index nahezu auf dem Niveau des Vormonats. Ob die Stagnation der Verbraucherstimmung der Beginn eines negativen Trends ist, bleibt abzuwarten und ist von den wirtschaftspolitischen Ma\u00dfnahmen der Bundesregierung sowie von der Entwicklung der geopolitischen Rahmenbedingungen in den kommenden Monaten abh\u00e4ngig.<\/p>\n\n\n\n<p>Die Konsumlaune der Verbraucherinnen und Verbraucher ist weiterhin von Zur\u00fcckhaltung gepr\u00e4gt. Sie planen, sich in den n\u00e4chsten Wochen verst\u00e4rkt auf das Sparen zu konzentrieren, ihre Sparneigung steigt. Zwar geht auch die Anschaffungsneigung der Verbraucher nach oben, jedoch nur geringf\u00fcgig. Sie liegt damit noch immer unter dem Vorjahresniveau. Vorsicht bestimmt weiterhin das Handeln der Verbraucherinnen und Verbraucher. Eine sp\u00fcrbare Erholung des privaten Konsums ist daher in n\u00e4chster Zeit nicht zu erwarten.<\/p>\n\n\n\n<p>Auch mit Blick auf die konjunkturelle Entwicklung in den kommenden Wochen sind die Verbraucher zur\u00fcckhaltend. \u00c4hnlich wie bei den Unternehmen fallen ihre Einsch\u00e4tzungen nur etwas positiver aus als im Vormonat. Eine erneute Rezession f\u00fcrchten die Verbraucherinnen und Verbraucher somit nicht, doch ein signifikantes Wachstum halten sie offenbar auch f\u00fcr unwahrscheinlich. Deutlich optimistischer zeigen sich die Verbraucher hingegen, wenn es um die Entwicklung ihrer eigenen Einkommenssituation geht. Hier legen ihre Erwartungen zu, was an der grunds\u00e4tzlich niedrigeren Inflation und den zuletzt gesunkenen Energiepreisen liegen k\u00f6nnte.<\/p>\n\n\n\n<p>In den vergangenen Monaten hatte sich die Verbraucherstimmung stetig verbessert. Da ein gesamtwirtschaftlicher Aufschwung jedoch nicht in Sicht ist, ger\u00e4t der Aufw\u00e4rtstrend nun ins Stocken. Die Verbraucherinnen und Verbraucher agieren weiterhin mit Vorsicht und warten auf Impulse. An eine kurzfristige wirtschaftliche Erholung glauben sie nicht. Aufgrund der vorherrschenden Unsicherheit wird es in den kommenden Monaten voraussichtlich keinen Schub beim privaten Konsum geben.<\/p>\n\n\n\n<p>Das jeweils am ersten Montag eines Monats erscheinende HDE-Konsumbarometer basiert auf einer monatlichen Umfrage unter 1.600 Personen zur Anschaffungsneigung, Sparneigung, finanziellen Situation und zu anderen konsumrelevanten Faktoren. Das Konsumbarometer, das vom Handelsblatt Research Institute (HRI) im Auftrag des HDE erstellt wird, hat eine Indikatorfunktion f\u00fcr den privaten Konsum. Es bildet nicht das aktuelle Verbraucherverhalten ab, sondern die erwartete Stimmung in den kommenden drei Monaten. Quelle und Foto: HDE<\/p>\n\n\n\n<p><\/p>\n","protected":false},"excerpt":{"rendered":"<p>Nachdem sich die Verbraucherstimmung in Deutschland zuletzt weiter aufgehellt hatte, legt der Aufw\u00e4rtstrend im August eine Pause ein.<\/p>\n","protected":false},"author":1,"featured_media":3213,"comment_status":"closed","ping_status":"closed","sticky":false,"template":"","format":"standard","meta":{"footnotes":""},"categories":[34],"tags":[],"class_list":["post-3212","post","type-post","status-publish","format-standard","has-post-thumbnail","hentry","category-allgemein"],"featured_image_urls":{"full":["https:\/\/agronoticias.es\/de\/wp-content\/uploads\/2025\/08\/HDE-Konjunkturbarometer.jpg",887,600,false],"thumbnail":["https:\/\/agronoticias.es\/de\/wp-content\/uploads\/2025\/08\/HDE-Konjunkturbarometer-150x150.jpg",150,150,true],"medium":["https:\/\/agronoticias.es\/de\/wp-content\/uploads\/2025\/08\/HDE-Konjunkturbarometer-300x203.jpg",300,203,true],"medium_large":["https:\/\/agronoticias.es\/de\/wp-content\/uploads\/2025\/08\/HDE-Konjunkturbarometer-768x520.jpg",640,433,true],"large":["https:\/\/agronoticias.es\/de\/wp-content\/uploads\/2025\/08\/HDE-Konjunkturbarometer.jpg",640,433,false],"1536x1536":["https:\/\/agronoticias.es\/de\/wp-content\/uploads\/2025\/08\/HDE-Konjunkturbarometer.jpg",887,600,false],"2048x2048":["https:\/\/agronoticias.es\/de\/wp-content\/uploads\/2025\/08\/HDE-Konjunkturbarometer.jpg",887,600,false],"morenews-large":["https:\/\/agronoticias.es\/de\/wp-content\/uploads\/2025\/08\/HDE-Konjunkturbarometer-825x575.jpg",825,575,true],"morenews-medium":["https:\/\/agronoticias.es\/de\/wp-content\/uploads\/2025\/08\/HDE-Konjunkturbarometer-590x410.jpg",590,410,true]},"author_info":{"display_name":"admin","author_link":"https:\/\/agronoticias.es\/de\/author\/admin\/"},"category_info":"<a href=\"https:\/\/agronoticias.es\/de\/category\/allgemein\/\" rel=\"category tag\">Allgemein<\/a>","tag_info":"Allgemein","comment_count":"0","_links":{"self":[{"href":"https:\/\/agronoticias.es\/de\/wp-json\/wp\/v2\/posts\/3212","targetHints":{"allow":["GET"]}}],"collection":[{"href":"https:\/\/agronoticias.es\/de\/wp-json\/wp\/v2\/posts"}],"about":[{"href":"https:\/\/agronoticias.es\/de\/wp-json\/wp\/v2\/types\/post"}],"author":[{"embeddable":true,"href":"https:\/\/agronoticias.es\/de\/wp-json\/wp\/v2\/users\/1"}],"replies":[{"embeddable":true,"href":"https:\/\/agronoticias.es\/de\/wp-json\/wp\/v2\/comments?post=3212"}],"version-history":[{"count":1,"href":"https:\/\/agronoticias.es\/de\/wp-json\/wp\/v2\/posts\/3212\/revisions"}],"predecessor-version":[{"id":3214,"href":"https:\/\/agronoticias.es\/de\/wp-json\/wp\/v2\/posts\/3212\/revisions\/3214"}],"wp:featuredmedia":[{"embeddable":true,"href":"https:\/\/agronoticias.es\/de\/wp-json\/wp\/v2\/media\/3213"}],"wp:attachment":[{"href":"https:\/\/agronoticias.es\/de\/wp-json\/wp\/v2\/media?parent=3212"}],"wp:term":[{"taxonomy":"category","embeddable":true,"href":"https:\/\/agronoticias.es\/de\/wp-json\/wp\/v2\/categories?post=3212"},{"taxonomy":"post_tag","embeddable":true,"href":"https:\/\/agronoticias.es\/de\/wp-json\/wp\/v2\/tags?post=3212"}],"curies":[{"name":"wp","href":"https:\/\/api.w.org\/{rel}","templated":true}]}}