{"id":3205,"date":"2025-07-31T18:53:44","date_gmt":"2025-07-31T16:53:44","guid":{"rendered":"https:\/\/agronoticias.es\/de\/?p=3205"},"modified":"2025-07-31T18:54:05","modified_gmt":"2025-07-31T16:54:05","slug":"valencia-cooperativa-frucimu-wird-aktionar-von-agriconsa","status":"publish","type":"post","link":"https:\/\/agronoticias.es\/de\/valencia-cooperativa-frucimu-wird-aktionar-von-agriconsa\/","title":{"rendered":"Valencia &#8211; Cooperativa Frucimu wird Aktion\u00e4r von Agriconsa"},"content":{"rendered":"\n<p><\/p>\n\n\n\n<p>Die Cooperativa Frutas y C\u00edtricos de Mula &#8211; Frucimu, mit Sitz in Mula (Murcia), ist seit dem 28. Juli 2025 offizieller Aktion\u00e4r von Agriconsa (Agricultura y Conservas S. A.). Agriconsa (Algemes\u00ed\/Valencia) verarbeitet Obst zu Fruchts\u00e4ften und Konserven. Durch diese Unternehmensbeteiligung wird Frucimu in der Lage sein, Agriconsa mit rund 1.700 t Grapefruits pro Saison zu beliefern, ein Produkt, auf das die Genossenschaft aus Murcia spezialisiert ist und f\u00fcr das die Nachfrage in der Industrie von Jahr zu Jahr steigt. Die Zusammenarbeit beider Unternehmen begann in der Kampagne 2023\u20132024. Jetzt, in 2025, wurde der Eintritt von Frucimu als vollwertiges Mitglied von Agriconsa formalisiert.<\/p>\n\n\n\n<p>Frucimu ist seit mehr als drei Jahrzehnten Mitglied von Anecoop, Genossenschaft 2. Grades. Zu dem Unternehmen geh\u00f6ren derzeit 700 Erzeugermitglieder, die mehr als 2.600 ha bewirtschaften und j\u00e4hrlich zwischen 60.000 und 65.000 t Obst produzieren. &nbsp;&nbsp;Bei einem Umsatz von rund 60 Mio Euro besch\u00e4ftigt es ganzj\u00e4hrig mehr als 600 Personen und w\u00e4hrend der Saison mehr als 1.000 Personen aus der Region. Die Genossenschaft hat sich auch auf den Anbau von Bio-Obst spezialisiert und verf\u00fcgt \u00fcber moderne Anlagen, die sie Ende 2021 in Betrieb genommen hat.<\/p>\n\n\n\n<p>Der Pr\u00e4sident von Frucimu, Miguel \u00c1ngel Navarro und &nbsp;Vizepr\u00e4sident von Anecoop, hob die Bedeutung dieser Operation hervor \u00abdurch die Vorteile dieser Allianz, die beide Unternehmen durch die Zusammenlegung von Kapazit\u00e4ten st\u00e4rker macht. Frucimu liefert das Produkt, das das Portfolio von Agriconsa erweitert, und Agriconsa liefert die M\u00e4rkte und Kunden, die dieses Produkt ben\u00f6tigt\u00bb.<\/p>\n\n\n\n<p>\u00a0Alejandro Monz\u00f3n, Pr\u00e4sident von Agriconsa und Anecoop begr\u00fcsste diesen Schritt, und betonte: \u201edie Synergien der Vereinbarung zwischen den beiden Unternehmen werden sich sowohl in der Region als auch auf die Erzeugermitglieder \u00a0positiv auswirken, da sie Alternativen bieten, die einen Absatzmarkt f\u00fcr Produkte schaffen, die nicht den \u00e4sthetischen Anforderungen f\u00fcr den Frischmarkt entsprechen\u201c. Quelle und Foto: Anecoop<\/p>\n\n\n\n<p>Foto: Anecoop<\/p>\n\n\n\n<p><\/p>\n","protected":false},"excerpt":{"rendered":"<p>Die Cooperativa Frutas y C\u00edtricos de Mula &#8211; Frucimu, mit Sitz in Mula (Murcia), ist seit dem 28.<\/p>\n","protected":false},"author":1,"featured_media":3206,"comment_status":"closed","ping_status":"closed","sticky":false,"template":"","format":"standard","meta":{"footnotes":""},"categories":[34],"tags":[],"class_list":["post-3205","post","type-post","status-publish","format-standard","has-post-thumbnail","hentry","category-allgemein"],"featured_image_urls":{"full":["https:\/\/agronoticias.es\/de\/wp-content\/uploads\/2025\/07\/Pomelos-Anecoop-768x378-1.jpeg",768,378,false],"thumbnail":["https:\/\/agronoticias.es\/de\/wp-content\/uploads\/2025\/07\/Pomelos-Anecoop-768x378-1-150x150.jpeg",150,150,true],"medium":["https:\/\/agronoticias.es\/de\/wp-content\/uploads\/2025\/07\/Pomelos-Anecoop-768x378-1-300x148.jpeg",300,148,true],"medium_large":["https:\/\/agronoticias.es\/de\/wp-content\/uploads\/2025\/07\/Pomelos-Anecoop-768x378-1.jpeg",640,315,false],"large":["https:\/\/agronoticias.es\/de\/wp-content\/uploads\/2025\/07\/Pomelos-Anecoop-768x378-1.jpeg",640,315,false],"1536x1536":["https:\/\/agronoticias.es\/de\/wp-content\/uploads\/2025\/07\/Pomelos-Anecoop-768x378-1.jpeg",768,378,false],"2048x2048":["https:\/\/agronoticias.es\/de\/wp-content\/uploads\/2025\/07\/Pomelos-Anecoop-768x378-1.jpeg",768,378,false],"morenews-large":["https:\/\/agronoticias.es\/de\/wp-content\/uploads\/2025\/07\/Pomelos-Anecoop-768x378-1.jpeg",768,378,false],"morenews-medium":["https:\/\/agronoticias.es\/de\/wp-content\/uploads\/2025\/07\/Pomelos-Anecoop-768x378-1-590x378.jpeg",590,378,true]},"author_info":{"display_name":"admin","author_link":"https:\/\/agronoticias.es\/de\/author\/admin\/"},"category_info":"<a href=\"https:\/\/agronoticias.es\/de\/category\/allgemein\/\" rel=\"category tag\">Allgemein<\/a>","tag_info":"Allgemein","comment_count":"0","_links":{"self":[{"href":"https:\/\/agronoticias.es\/de\/wp-json\/wp\/v2\/posts\/3205","targetHints":{"allow":["GET"]}}],"collection":[{"href":"https:\/\/agronoticias.es\/de\/wp-json\/wp\/v2\/posts"}],"about":[{"href":"https:\/\/agronoticias.es\/de\/wp-json\/wp\/v2\/types\/post"}],"author":[{"embeddable":true,"href":"https:\/\/agronoticias.es\/de\/wp-json\/wp\/v2\/users\/1"}],"replies":[{"embeddable":true,"href":"https:\/\/agronoticias.es\/de\/wp-json\/wp\/v2\/comments?post=3205"}],"version-history":[{"count":2,"href":"https:\/\/agronoticias.es\/de\/wp-json\/wp\/v2\/posts\/3205\/revisions"}],"predecessor-version":[{"id":3208,"href":"https:\/\/agronoticias.es\/de\/wp-json\/wp\/v2\/posts\/3205\/revisions\/3208"}],"wp:featuredmedia":[{"embeddable":true,"href":"https:\/\/agronoticias.es\/de\/wp-json\/wp\/v2\/media\/3206"}],"wp:attachment":[{"href":"https:\/\/agronoticias.es\/de\/wp-json\/wp\/v2\/media?parent=3205"}],"wp:term":[{"taxonomy":"category","embeddable":true,"href":"https:\/\/agronoticias.es\/de\/wp-json\/wp\/v2\/categories?post=3205"},{"taxonomy":"post_tag","embeddable":true,"href":"https:\/\/agronoticias.es\/de\/wp-json\/wp\/v2\/tags?post=3205"}],"curies":[{"name":"wp","href":"https:\/\/api.w.org\/{rel}","templated":true}]}}