{"id":3199,"date":"2025-07-31T10:33:29","date_gmt":"2025-07-31T08:33:29","guid":{"rendered":"https:\/\/agronoticias.es\/de\/?p=3199"},"modified":"2025-07-31T10:33:30","modified_gmt":"2025-07-31T08:33:30","slug":"agroponiente-verstarkt-vertriebsteam-durch-jordi-estrada-direktor-fur-iberia-und-italien","status":"publish","type":"post","link":"https:\/\/agronoticias.es\/de\/agroponiente-verstarkt-vertriebsteam-durch-jordi-estrada-direktor-fur-iberia-und-italien\/","title":{"rendered":"Agroponiente verst\u00e4rkt Vertriebsteam durch Jordi Estrada, Direktor f\u00fcr Iberia und Italien"},"content":{"rendered":"\n<p>Grupo Agroponiente (El Ejido\/Almer\u00eda) baut seine Organisationsstruktur weiter aus, um die gro\u00dfen Herausforderungen der nahen Zukunft sicher bew\u00e4ltigen zu k\u00f6nnen. In den letzten drei Jahren hat das Unternehmen ein bemerkenswertes Wachstum verzeichnet und seinen Umsatz von 250 auf 400 Mio Euro gesteigert. Die Prognosen f\u00fcr die Saison 2025\/2026 sind sehr positiv.<\/p>\n\n\n\n<p>Dieser nachhaltige Fortschritt basiert auf einer klaren Strategie der Professionalisierung, Expansion und Konsolidierung in Schl\u00fcsselm\u00e4rkten sowie auf der Einbindung hochkar\u00e4tiger Profile, die strategische Visionen, internationale Erfahrung und F\u00fchrungsqualit\u00e4ten mitbringen.<\/p>\n\n\n\n<p>In diesem Kontext wurde Jordi Estrada Colilles als neuer Direktor der Grupo Agroponiente f\u00fcr Iberia (Spanien und Portugal) und Italien in das Team eingegliedert. Mit fast 20 Jahren Erfahrung in der Agrarlebensmittelbranche hat Estrada multidisziplin\u00e4re Teams geleitet und war in Schl\u00fcsselbereichen wie Vertrieb, Marktentwicklung und Vertriebsleitung sowohl auf nationaler als auch internationaler Ebene t\u00e4tig. Sein analytisches, ergebnisorientiertes Profil und seine nachgewiesene F\u00fchrungskompetenz passen perfekt zur Strategie von Agroponiente der Transformation, Effizienz und Kundenn\u00e4he. Seine Einstellung wird dazu beitragen, die Position des Unternehmens in strategischen M\u00e4rkten wie Spanien, Portugal und Italien weiter zu st\u00e4rken, wobei der Schwerpunkt auf Qualit\u00e4t, Rentabilit\u00e4t und operativer Exzellenz liegt.<\/p>\n\n\n\n<p>Imanol Almud\u00ed, CEO der Grupo Agroponiente, betonte: \u201eDie Eingliederung von Jordi ist ein weiterer Schritt in unserem Engagement f\u00fcr Talent und Exzellenz. Seine Erfahrung und Managementf\u00e4higkeiten st\u00e4rken unser Engagement f\u00fcr nachhaltiges Wachstum, kommerzieller Innovation und F\u00fchrungsst\u00e4rke von Anfang an. Wir bauen weiterhin an einem soliden Projekt, das unseren Landwirten und Kunden in ganz Europa Vertrauen gibt.\u201c<\/p>\n\n\n\n<p>Grupo Agroponiente festigt damit eine Gesch\u00e4ftsstruktur, die darauf ausgerichtet ist, weiterhin im Ursprung eine f\u00fchrende Rolle zu spielen und sich als Referenzunternehmen in der europ\u00e4ischen Agrar- und Ern\u00e4hrungswirtschaft zu etablieren. Quelle und Foto: Agroponiente<\/p>\n","protected":false},"excerpt":{"rendered":"<p>Grupo Agroponiente (El Ejido\/Almer\u00eda) baut seine Organisationsstruktur weiter aus, um die gro\u00dfen Herausforderungen der nahen Zukunft sicher bew\u00e4ltigen<\/p>\n","protected":false},"author":1,"featured_media":3200,"comment_status":"closed","ping_status":"closed","sticky":false,"template":"","format":"standard","meta":{"footnotes":""},"categories":[34],"tags":[],"class_list":["post-3199","post","type-post","status-publish","format-standard","has-post-thumbnail","hentry","category-allgemein"],"featured_image_urls":{"full":["https:\/\/agronoticias.es\/de\/wp-content\/uploads\/2025\/07\/290725-GRUPO-AGROPONIENTE.-Incorporacion-Jordi-Estrada-director-comercial.jpg",754,443,false],"thumbnail":["https:\/\/agronoticias.es\/de\/wp-content\/uploads\/2025\/07\/290725-GRUPO-AGROPONIENTE.-Incorporacion-Jordi-Estrada-director-comercial-150x150.jpg",150,150,true],"medium":["https:\/\/agronoticias.es\/de\/wp-content\/uploads\/2025\/07\/290725-GRUPO-AGROPONIENTE.-Incorporacion-Jordi-Estrada-director-comercial-300x176.jpg",300,176,true],"medium_large":["https:\/\/agronoticias.es\/de\/wp-content\/uploads\/2025\/07\/290725-GRUPO-AGROPONIENTE.-Incorporacion-Jordi-Estrada-director-comercial.jpg",640,376,false],"large":["https:\/\/agronoticias.es\/de\/wp-content\/uploads\/2025\/07\/290725-GRUPO-AGROPONIENTE.-Incorporacion-Jordi-Estrada-director-comercial.jpg",640,376,false],"1536x1536":["https:\/\/agronoticias.es\/de\/wp-content\/uploads\/2025\/07\/290725-GRUPO-AGROPONIENTE.-Incorporacion-Jordi-Estrada-director-comercial.jpg",754,443,false],"2048x2048":["https:\/\/agronoticias.es\/de\/wp-content\/uploads\/2025\/07\/290725-GRUPO-AGROPONIENTE.-Incorporacion-Jordi-Estrada-director-comercial.jpg",754,443,false],"morenews-large":["https:\/\/agronoticias.es\/de\/wp-content\/uploads\/2025\/07\/290725-GRUPO-AGROPONIENTE.-Incorporacion-Jordi-Estrada-director-comercial.jpg",754,443,false],"morenews-medium":["https:\/\/agronoticias.es\/de\/wp-content\/uploads\/2025\/07\/290725-GRUPO-AGROPONIENTE.-Incorporacion-Jordi-Estrada-director-comercial-590x410.jpg",590,410,true]},"author_info":{"display_name":"admin","author_link":"https:\/\/agronoticias.es\/de\/author\/admin\/"},"category_info":"<a href=\"https:\/\/agronoticias.es\/de\/category\/allgemein\/\" rel=\"category tag\">Allgemein<\/a>","tag_info":"Allgemein","comment_count":"0","_links":{"self":[{"href":"https:\/\/agronoticias.es\/de\/wp-json\/wp\/v2\/posts\/3199","targetHints":{"allow":["GET"]}}],"collection":[{"href":"https:\/\/agronoticias.es\/de\/wp-json\/wp\/v2\/posts"}],"about":[{"href":"https:\/\/agronoticias.es\/de\/wp-json\/wp\/v2\/types\/post"}],"author":[{"embeddable":true,"href":"https:\/\/agronoticias.es\/de\/wp-json\/wp\/v2\/users\/1"}],"replies":[{"embeddable":true,"href":"https:\/\/agronoticias.es\/de\/wp-json\/wp\/v2\/comments?post=3199"}],"version-history":[{"count":1,"href":"https:\/\/agronoticias.es\/de\/wp-json\/wp\/v2\/posts\/3199\/revisions"}],"predecessor-version":[{"id":3201,"href":"https:\/\/agronoticias.es\/de\/wp-json\/wp\/v2\/posts\/3199\/revisions\/3201"}],"wp:featuredmedia":[{"embeddable":true,"href":"https:\/\/agronoticias.es\/de\/wp-json\/wp\/v2\/media\/3200"}],"wp:attachment":[{"href":"https:\/\/agronoticias.es\/de\/wp-json\/wp\/v2\/media?parent=3199"}],"wp:term":[{"taxonomy":"category","embeddable":true,"href":"https:\/\/agronoticias.es\/de\/wp-json\/wp\/v2\/categories?post=3199"},{"taxonomy":"post_tag","embeddable":true,"href":"https:\/\/agronoticias.es\/de\/wp-json\/wp\/v2\/tags?post=3199"}],"curies":[{"name":"wp","href":"https:\/\/api.w.org\/{rel}","templated":true}]}}