{"id":3196,"date":"2025-07-30T10:48:58","date_gmt":"2025-07-30T08:48:58","guid":{"rendered":"https:\/\/agronoticias.es\/de\/?p=3196"},"modified":"2025-07-30T10:49:38","modified_gmt":"2025-07-30T08:49:38","slug":"spanien-erfolgreiche-saison-fur-pomelo-de-espana","status":"publish","type":"post","link":"https:\/\/agronoticias.es\/de\/spanien-erfolgreiche-saison-fur-pomelo-de-espana\/","title":{"rendered":"Spanien &#8211; Erfolgreiche Saison f\u00fcr Pomelo de Espa\u00f1a\u00ae"},"content":{"rendered":"\n<p>Die Saison 2024\/25 Pomelo de Espa\u00f1a\u00ae (Spanische Grapefruit), die vom 1. 9.24 &#8211; 31.5.25 dauerte, wurde nach Informationen des Dachverbandes Ailimpo mit positiven Rekordzahlen abgeschlossen, was die Rolle dieser Citrusfrucht, die zwar nur eine Randgruppe darstellt, aber sehr interessante Wachstumszahlen aufweist, weiter festigt.<\/p>\n\n\n\n<p>Die Gesamtproduktion dieser Saison belief sich auf 102.000 t, womit Spanien zum ersten Mal die 100.000-Tonnen-Marke \u00fcberschritten hat. Exportiert wurden etwas \u00fcber 72.000 t, was einen neuen Rekord darstellt. Pomelo de Espa\u00f1a\u00ae werden mittlerweile in mehr als 40 L\u00e4ndern konsumiert, wobei 80 % des Verbrauchs auf Deutschland, Frankreich, die Niederlande, Polen, Gro\u00dfbritannien und die Schweiz entfallen.<\/p>\n\n\n\n<p>Die restlichen Mengen von rund 6.000 t gingen auf den nationalen Markt und ca. 22.000 t in die Verarbeitungsindustrie f\u00fcr S\u00e4fte und \u00e4therische \u00d6le. Der Rest von etwa 2.000 t wird als Verlust eingestuft.<\/p>\n\n\n\n<p> Die EU-27 ist der wichtigste Absatzmarkt f\u00fcr Pomelo de Espa\u00f1a\u00ae. \u201eZwischen September und Mai stammt jede zweite konsumierte Grapefruit aus Spanien, was einem Marktanteil von 50 % f\u00fcr Spanien entspricht. Vor nur vier Jahren betrug der Anteil noch 36 %, aber wir beobachten, dass sich die Pr\u00e4ferenz des Marktes erfolgreich auf spanische Fr\u00fcchte verlagert hat, zum Nachteil von Grapefruits aus der T\u00fcrkei, Israel oder den USA, deren Absatz in der EU-27 von Jahr zu Jahr zur\u00fcckgeht\u201c, erkl\u00e4rte Ailimpo. quelle und Foto: ailimpo<\/p>\n","protected":false},"excerpt":{"rendered":"<p>Die Saison 2024\/25 Pomelo de Espa\u00f1a\u00ae (Spanische Grapefruit), die vom 1. 9.24 &#8211; 31.5.25 dauerte, wurde nach Informationen<\/p>\n","protected":false},"author":1,"featured_media":3198,"comment_status":"closed","ping_status":"closed","sticky":false,"template":"","format":"standard","meta":{"footnotes":""},"categories":[34],"tags":[],"class_list":["post-3196","post","type-post","status-publish","format-standard","has-post-thumbnail","hentry","category-allgemein"],"featured_image_urls":{"full":["https:\/\/agronoticias.es\/de\/wp-content\/uploads\/2025\/07\/ailimpo-pomelo-02-scaled.jpg",2560,1708,false],"thumbnail":["https:\/\/agronoticias.es\/de\/wp-content\/uploads\/2025\/07\/ailimpo-pomelo-02-150x150.jpg",150,150,true],"medium":["https:\/\/agronoticias.es\/de\/wp-content\/uploads\/2025\/07\/ailimpo-pomelo-02-300x200.jpg",300,200,true],"medium_large":["https:\/\/agronoticias.es\/de\/wp-content\/uploads\/2025\/07\/ailimpo-pomelo-02-768x512.jpg",640,427,true],"large":["https:\/\/agronoticias.es\/de\/wp-content\/uploads\/2025\/07\/ailimpo-pomelo-02-1024x683.jpg",640,427,true],"1536x1536":["https:\/\/agronoticias.es\/de\/wp-content\/uploads\/2025\/07\/ailimpo-pomelo-02-1536x1025.jpg",1536,1025,true],"2048x2048":["https:\/\/agronoticias.es\/de\/wp-content\/uploads\/2025\/07\/ailimpo-pomelo-02-2048x1367.jpg",2048,1367,true],"morenews-large":["https:\/\/agronoticias.es\/de\/wp-content\/uploads\/2025\/07\/ailimpo-pomelo-02-825x575.jpg",825,575,true],"morenews-medium":["https:\/\/agronoticias.es\/de\/wp-content\/uploads\/2025\/07\/ailimpo-pomelo-02-590x410.jpg",590,410,true]},"author_info":{"display_name":"admin","author_link":"https:\/\/agronoticias.es\/de\/author\/admin\/"},"category_info":"<a href=\"https:\/\/agronoticias.es\/de\/category\/allgemein\/\" rel=\"category tag\">Allgemein<\/a>","tag_info":"Allgemein","comment_count":"0","_links":{"self":[{"href":"https:\/\/agronoticias.es\/de\/wp-json\/wp\/v2\/posts\/3196","targetHints":{"allow":["GET"]}}],"collection":[{"href":"https:\/\/agronoticias.es\/de\/wp-json\/wp\/v2\/posts"}],"about":[{"href":"https:\/\/agronoticias.es\/de\/wp-json\/wp\/v2\/types\/post"}],"author":[{"embeddable":true,"href":"https:\/\/agronoticias.es\/de\/wp-json\/wp\/v2\/users\/1"}],"replies":[{"embeddable":true,"href":"https:\/\/agronoticias.es\/de\/wp-json\/wp\/v2\/comments?post=3196"}],"version-history":[{"count":1,"href":"https:\/\/agronoticias.es\/de\/wp-json\/wp\/v2\/posts\/3196\/revisions"}],"predecessor-version":[{"id":3197,"href":"https:\/\/agronoticias.es\/de\/wp-json\/wp\/v2\/posts\/3196\/revisions\/3197"}],"wp:featuredmedia":[{"embeddable":true,"href":"https:\/\/agronoticias.es\/de\/wp-json\/wp\/v2\/media\/3198"}],"wp:attachment":[{"href":"https:\/\/agronoticias.es\/de\/wp-json\/wp\/v2\/media?parent=3196"}],"wp:term":[{"taxonomy":"category","embeddable":true,"href":"https:\/\/agronoticias.es\/de\/wp-json\/wp\/v2\/categories?post=3196"},{"taxonomy":"post_tag","embeddable":true,"href":"https:\/\/agronoticias.es\/de\/wp-json\/wp\/v2\/tags?post=3196"}],"curies":[{"name":"wp","href":"https:\/\/api.w.org\/{rel}","templated":true}]}}