{"id":3178,"date":"2025-07-25T11:59:27","date_gmt":"2025-07-25T09:59:27","guid":{"rendered":"https:\/\/agronoticias.es\/de\/?p=3178"},"modified":"2025-07-25T11:59:28","modified_gmt":"2025-07-25T09:59:28","slug":"spanien-castellon-weniger-clemenules-durch-hagelschaden","status":"publish","type":"post","link":"https:\/\/agronoticias.es\/de\/spanien-castellon-weniger-clemenules-durch-hagelschaden\/","title":{"rendered":"Spanien\/Castell\u00f3n \u2013 weniger Clemenules durch Hagelsch\u00e4den"},"content":{"rendered":"\n<p><\/p>\n\n\n\n<p>In KW 28\/25 kam es im Land Valencia zu starken Unwettern, die erhebliche Sch\u00e4den an den Kulturen verursacht haben, insbesondere bei Citrus und hier bei der Sorte Clemenules.&nbsp; Stark betroffen sind die Gebiete Plana Baixa (u.a. Nules, Vilavella, Les Alqueries, Burriana, Moncofa, Vall d\u2019Uixo), Camp de Morvedre (Les Valls) und Alto Palancia.&nbsp;<\/p>\n\n\n\n<p>Nach einer ersten Schadensbewertung der Agrarversicherung Agroseguro werden Schadensmeldungen f\u00fcr etwa 23.000 Parzellen erwartet,&nbsp; was einer Fl\u00e4che von ca. 8.000 ha entspricht.&nbsp; Der Gro\u00dfteil davon konzentriert sich auf das Gebiet Plana Baixa, wo die Zahl der Parzellen 20.000 \u00fcbersteigen k\u00f6nnte, w\u00e4hrend in Camp de Morvedre, insbesondere in der Gemeinde Sagunto, weitere 2.800 ha gemeldet wurden.<\/p>\n\n\n\n<p>Ende KW 30 besuchte eine offizielle Delegation diverse Citrusfincas in Burriana, eines der am meisten betroffenen Gebiete, darunter der valencianische Agrarminister, Miguel Barrachina, der Agrar-Regionalsekret\u00e4r Vicente Tejedo, die Generaldirektorin f\u00fcr Land- und Viehwirtschaft, Mar\u00eda \u00c1ngels Ram\u00f3n-Ll\u00edn, der Generaldirektor von Agroseguro, Sergio de Andr\u00e9s Osoria und der Regionaldirektor f\u00fcr die Levante, Manuel Gonz\u00e1lez. W\u00e4hrend des Besuchs teilte Miguel Barrachina mit, dass die Erzeuger, die am 12. Juli in den Gebieten Plana Baixa, Camp de Morvedre und Alto Palancia von Hagel, Regen und Wind betroffen waren, 20 Mio Euro aus der Agrarversicherung erhalten werden. Gleichzeitig betonte er die Bedeutung der Agrarversicherung und dankte Agroseguro f\u00fcr die schnelle Schadensbewertung.<\/p>\n\n\n\n<p>Zu den am st\u00e4rksten betroffenen Kulturen z\u00e4hlen Citrusfr\u00fcchte, insbesondere Clemenules, da die Plana Baixa das Clemenules-Anbaugebiet schlechthin ist.&nbsp; Infolge des Hagels und auch des stetigen R\u00fcckgangs, den diese Sorte in den letzten Jahren durchmacht, wird f\u00fcr die kommende Saison 25\/26 erneut eine kleine Ernte erwartet. Nach Angaben lokaler Medien sch\u00e4tzt die Agrarorganisation Uni\u00f3 Llauradora, dass nicht mehr als 230.000 t geerntet werden k\u00f6nnen.&nbsp; Das f\u00fchrt derzeit zu einem gro\u00dfen Interesse an dieser Sorte und steigenden Preisen. ds<\/p>\n\n\n\n<p><\/p>\n","protected":false},"excerpt":{"rendered":"<p>In KW 28\/25 kam es im Land Valencia zu starken Unwettern, die erhebliche Sch\u00e4den an den Kulturen verursacht<\/p>\n","protected":false},"author":1,"featured_media":3179,"comment_status":"closed","ping_status":"closed","sticky":false,"template":"","format":"standard","meta":{"footnotes":""},"categories":[34],"tags":[],"class_list":["post-3178","post","type-post","status-publish","format-standard","has-post-thumbnail","hentry","category-allgemein"],"featured_image_urls":{"full":["https:\/\/agronoticias.es\/de\/wp-content\/uploads\/2025\/07\/visita-granizo-burriana.jpg",1015,755,false],"thumbnail":["https:\/\/agronoticias.es\/de\/wp-content\/uploads\/2025\/07\/visita-granizo-burriana-150x150.jpg",150,150,true],"medium":["https:\/\/agronoticias.es\/de\/wp-content\/uploads\/2025\/07\/visita-granizo-burriana-300x223.jpg",300,223,true],"medium_large":["https:\/\/agronoticias.es\/de\/wp-content\/uploads\/2025\/07\/visita-granizo-burriana-768x571.jpg",640,476,true],"large":["https:\/\/agronoticias.es\/de\/wp-content\/uploads\/2025\/07\/visita-granizo-burriana.jpg",640,476,false],"1536x1536":["https:\/\/agronoticias.es\/de\/wp-content\/uploads\/2025\/07\/visita-granizo-burriana.jpg",1015,755,false],"2048x2048":["https:\/\/agronoticias.es\/de\/wp-content\/uploads\/2025\/07\/visita-granizo-burriana.jpg",1015,755,false],"morenews-large":["https:\/\/agronoticias.es\/de\/wp-content\/uploads\/2025\/07\/visita-granizo-burriana-825x575.jpg",825,575,true],"morenews-medium":["https:\/\/agronoticias.es\/de\/wp-content\/uploads\/2025\/07\/visita-granizo-burriana-590x410.jpg",590,410,true]},"author_info":{"display_name":"admin","author_link":"https:\/\/agronoticias.es\/de\/author\/admin\/"},"category_info":"<a href=\"https:\/\/agronoticias.es\/de\/category\/allgemein\/\" rel=\"category tag\">Allgemein<\/a>","tag_info":"Allgemein","comment_count":"0","_links":{"self":[{"href":"https:\/\/agronoticias.es\/de\/wp-json\/wp\/v2\/posts\/3178","targetHints":{"allow":["GET"]}}],"collection":[{"href":"https:\/\/agronoticias.es\/de\/wp-json\/wp\/v2\/posts"}],"about":[{"href":"https:\/\/agronoticias.es\/de\/wp-json\/wp\/v2\/types\/post"}],"author":[{"embeddable":true,"href":"https:\/\/agronoticias.es\/de\/wp-json\/wp\/v2\/users\/1"}],"replies":[{"embeddable":true,"href":"https:\/\/agronoticias.es\/de\/wp-json\/wp\/v2\/comments?post=3178"}],"version-history":[{"count":1,"href":"https:\/\/agronoticias.es\/de\/wp-json\/wp\/v2\/posts\/3178\/revisions"}],"predecessor-version":[{"id":3180,"href":"https:\/\/agronoticias.es\/de\/wp-json\/wp\/v2\/posts\/3178\/revisions\/3180"}],"wp:featuredmedia":[{"embeddable":true,"href":"https:\/\/agronoticias.es\/de\/wp-json\/wp\/v2\/media\/3179"}],"wp:attachment":[{"href":"https:\/\/agronoticias.es\/de\/wp-json\/wp\/v2\/media?parent=3178"}],"wp:term":[{"taxonomy":"category","embeddable":true,"href":"https:\/\/agronoticias.es\/de\/wp-json\/wp\/v2\/categories?post=3178"},{"taxonomy":"post_tag","embeddable":true,"href":"https:\/\/agronoticias.es\/de\/wp-json\/wp\/v2\/tags?post=3178"}],"curies":[{"name":"wp","href":"https:\/\/api.w.org\/{rel}","templated":true}]}}