{"id":3172,"date":"2025-07-24T11:47:12","date_gmt":"2025-07-24T09:47:12","guid":{"rendered":"https:\/\/agronoticias.es\/de\/?p=3172"},"modified":"2025-07-24T11:47:13","modified_gmt":"2025-07-24T09:47:13","slug":"fachkraftelucke-im-einzelhandel-viele-offene-stellen-trotz-guter-arbeitsbedingungen-und-karrierechancen","status":"publish","type":"post","link":"https:\/\/agronoticias.es\/de\/fachkraftelucke-im-einzelhandel-viele-offene-stellen-trotz-guter-arbeitsbedingungen-und-karrierechancen\/","title":{"rendered":"Fachkr\u00e4ftel\u00fccke im Einzelhandel: Viele offene Stellen trotz guter Arbeitsbedingungen und Karrierechancen"},"content":{"rendered":"\n<p><\/p>\n\n\n\n<p>Im Einzelhandel arbeiten trotz schwieriger wirtschaftlicher Rahmenbedingungen f\u00fcr die Branche aktuell weiter mehr als 3,1 Millionen Besch\u00e4ftigte. Laut Handelsverband Deutschland (HDE) wird der demografisch bedingte Fachkr\u00e4ftemangel zunehmend zum Problem f\u00fcr die Handelsunternehmen.<\/p>\n\n\n\n<p>Wie eine aktuelle Erhebung des Kompetenzzentrums Fachkr\u00e4ftesicherung (KOFA) belegt, sind im Jahr 2024 abermals rund 122.000 Stellen im Einzelhandel unbesetzt geblieben.<\/p>\n\n\n\n<p>\u201eDie Politik muss jetzt handeln. In den n\u00e4chsten Jahren werden extrem viele Babyboomer in Rente gehen. Die Lage am Arbeitsmarkt wird sich dadurch weiter zuspitzen\u201c, so Steven Haarke, HDE-Gesch\u00e4ftsf\u00fchrer f\u00fcr Arbeit und Soziales. Um die Fachkr\u00e4ftel\u00fccke auch im Handel zu schlie\u00dfen, m\u00fcsse etwa die Vereinbarkeit von Familie und Beruf verbessert werden. F\u00fcr den Einzelhandel mit \u00fcberwiegend weiblichen Besch\u00e4ftigten sei es besonders wichtig, dass die fl\u00e4chendeckende Kita-Betreuung bundesweit an allen Werktagen, auch samstags, bis 20 Uhr zum Standard wird. \u201eNeben der gezielten Weiterbildung und einem modernen Zuwanderungsrecht mit schnellen und unb\u00fcrokratischen Verfahren ist zudem eine Reform des Steuerrechts erforderlich\u201c, so Haarke weiter. So m\u00fcsste die Kombination aus den Steuerklassen III und V endlich in das Faktorverfahren der Steuerklasse IV \u00fcberf\u00fchrt werden. Gefragt sei auch noch mehr Akzeptanz f\u00fcr die Besch\u00e4ftigung von Menschen mit Behinderung. Kontraproduktive Anreize f\u00fcr Fr\u00fchverrentungen wie die sogenannte Rente mit 63 m\u00fcssten hingegen abgeschafft werden, das Renteneintrittsalter m\u00fcsste stattdessen entsprechend der steigenden Lebenserwartung angehoben werden.<\/p>\n\n\n\n<p>\u201eIm Einzelhandel wird gutes Geld f\u00fcr gute Arbeit gezahlt. Handelsunternehmen sind als Arbeitgeber bei den Menschen beliebt. Viele Arbeitnehmer sch\u00e4tzen zudem, dass die Branche auch in l\u00e4ndlichen Regionen Jobs und Karrierechancen bietet\u201c, so Haarke. Das Durchschnittsgehalt einer Vollzeitkraft im Einzelhandel lag nach der aktuellsten Verdiensterhebung des Statistischen Bundesamtes (Stand: Juni 2025) bundesweit bei 3.628 Euro brutto im Monat. Die sogenannten Effektiventgelte, gemeint sind damit alle in der Branche gezahlten Entgelte unabh\u00e4ngig von einer Tarifbindung, sind in den letzten Jahren auch deutlich gewachsen. Allein im Zeitraum von 2022 bis 2024 stieg der durchschnittliche Bruttostundenverdienst im Einzelhandel bundesweit um rund 13,4 Prozent an. Der durchschnittliche Bruttostundenverdienst von Vollzeitbesch\u00e4ftigten im Einzelhandel betrug nach der aktuellen Verdiensterhebung des Statistischen Bundesamtes demnach 22,26 Euro brutto pro Stunde. Je nach Anforderungsprofil einer T\u00e4tigkeit k\u00f6nnen die Verdienste dabei teils stark schwanken. So kam etwa ein Experte im Einzelhandel zuletzt auf ein durchschnittliches Bruttostundenentgelt von 37,02 Euro, eine T\u00e4tigkeit mit geringerem Anforderungsprofil als Helfer wurde im Einzelhandel mit durchschnittlich 16,44 Euro brutto pro Stunde verg\u00fctet. Eine Fachkraft kam im Einzelhandel im Durchschnitt auf einen Bruttostundenverdienst von 19,09 Euro. Quelle und Foto: HDE<\/p>\n","protected":false},"excerpt":{"rendered":"<p>Im Einzelhandel arbeiten trotz schwieriger wirtschaftlicher Rahmenbedingungen f\u00fcr die Branche aktuell weiter mehr als 3,1 Millionen Besch\u00e4ftigte. Laut<\/p>\n","protected":false},"author":1,"featured_media":3173,"comment_status":"closed","ping_status":"closed","sticky":false,"template":"","format":"standard","meta":{"footnotes":""},"categories":[34],"tags":[],"class_list":["post-3172","post","type-post","status-publish","format-standard","has-post-thumbnail","hentry","category-allgemein"],"featured_image_urls":{"full":["https:\/\/agronoticias.es\/de\/wp-content\/uploads\/2025\/07\/Fachkraftemangel-Einzelhandel-HDE.png",640,427,false],"thumbnail":["https:\/\/agronoticias.es\/de\/wp-content\/uploads\/2025\/07\/Fachkraftemangel-Einzelhandel-HDE-150x150.png",150,150,true],"medium":["https:\/\/agronoticias.es\/de\/wp-content\/uploads\/2025\/07\/Fachkraftemangel-Einzelhandel-HDE-300x200.png",300,200,true],"medium_large":["https:\/\/agronoticias.es\/de\/wp-content\/uploads\/2025\/07\/Fachkraftemangel-Einzelhandel-HDE.png",640,427,false],"large":["https:\/\/agronoticias.es\/de\/wp-content\/uploads\/2025\/07\/Fachkraftemangel-Einzelhandel-HDE.png",640,427,false],"1536x1536":["https:\/\/agronoticias.es\/de\/wp-content\/uploads\/2025\/07\/Fachkraftemangel-Einzelhandel-HDE.png",640,427,false],"2048x2048":["https:\/\/agronoticias.es\/de\/wp-content\/uploads\/2025\/07\/Fachkraftemangel-Einzelhandel-HDE.png",640,427,false],"morenews-large":["https:\/\/agronoticias.es\/de\/wp-content\/uploads\/2025\/07\/Fachkraftemangel-Einzelhandel-HDE.png",640,427,false],"morenews-medium":["https:\/\/agronoticias.es\/de\/wp-content\/uploads\/2025\/07\/Fachkraftemangel-Einzelhandel-HDE-590x410.png",590,410,true]},"author_info":{"display_name":"admin","author_link":"https:\/\/agronoticias.es\/de\/author\/admin\/"},"category_info":"<a href=\"https:\/\/agronoticias.es\/de\/category\/allgemein\/\" rel=\"category tag\">Allgemein<\/a>","tag_info":"Allgemein","comment_count":"0","_links":{"self":[{"href":"https:\/\/agronoticias.es\/de\/wp-json\/wp\/v2\/posts\/3172","targetHints":{"allow":["GET"]}}],"collection":[{"href":"https:\/\/agronoticias.es\/de\/wp-json\/wp\/v2\/posts"}],"about":[{"href":"https:\/\/agronoticias.es\/de\/wp-json\/wp\/v2\/types\/post"}],"author":[{"embeddable":true,"href":"https:\/\/agronoticias.es\/de\/wp-json\/wp\/v2\/users\/1"}],"replies":[{"embeddable":true,"href":"https:\/\/agronoticias.es\/de\/wp-json\/wp\/v2\/comments?post=3172"}],"version-history":[{"count":1,"href":"https:\/\/agronoticias.es\/de\/wp-json\/wp\/v2\/posts\/3172\/revisions"}],"predecessor-version":[{"id":3174,"href":"https:\/\/agronoticias.es\/de\/wp-json\/wp\/v2\/posts\/3172\/revisions\/3174"}],"wp:featuredmedia":[{"embeddable":true,"href":"https:\/\/agronoticias.es\/de\/wp-json\/wp\/v2\/media\/3173"}],"wp:attachment":[{"href":"https:\/\/agronoticias.es\/de\/wp-json\/wp\/v2\/media?parent=3172"}],"wp:term":[{"taxonomy":"category","embeddable":true,"href":"https:\/\/agronoticias.es\/de\/wp-json\/wp\/v2\/categories?post=3172"},{"taxonomy":"post_tag","embeddable":true,"href":"https:\/\/agronoticias.es\/de\/wp-json\/wp\/v2\/tags?post=3172"}],"curies":[{"name":"wp","href":"https:\/\/api.w.org\/{rel}","templated":true}]}}