{"id":3169,"date":"2025-07-24T11:41:47","date_gmt":"2025-07-24T09:41:47","guid":{"rendered":"https:\/\/agronoticias.es\/de\/?p=3169"},"modified":"2025-07-24T11:41:48","modified_gmt":"2025-07-24T09:41:48","slug":"spanien-raquel-gil-neue-prasidentin-von-mercabarna","status":"publish","type":"post","link":"https:\/\/agronoticias.es\/de\/spanien-raquel-gil-neue-prasidentin-von-mercabarna\/","title":{"rendered":"Spanien &#8211; Raquel Gil, neue Pr\u00e4sidentin von Mercabarna"},"content":{"rendered":"\n<p>Der au\u00dferordentliche Verwaltungsrat von Mercabarna hat in KW 30 Raquel Gil, stellvertretende B\u00fcrgermeisterin f\u00fcr soziale Rechte, Wirtschaftsf\u00f6rderung, Besch\u00e4ftigung, Feminismus und demokratisches Ged\u00e4chtnis des Stadtrats von Barcelona, zur Pr\u00e4sidentin des \u00f6ffentlichen Unternehmens ernannt. Die neue Pr\u00e4sidentin, die bereits eine der beiden Vizepr\u00e4sidentschaften im Vorstand der Gesellschaft innehatte, l\u00f6st Jordi Valls ab, der Mercabarna seit September 2023 vorstand und dem Unternehmen nun als Vizepr\u00e4sident verbunden bleiben wird.<\/p>\n\n\n\n<p><a><\/a>Die neue Pr\u00e4sidentin von Mercabarna hat Jura studiert und war zuvor Beauftragte f\u00fcr die F\u00f6rderung hochwertiger Besch\u00e4ftigung und Ma\u00dfnahmen gegen die Prekarisierung von Arbeitspl\u00e4tzen in der Stadtverwaltung von Barcelona sowie Direktorin des Bereichs B\u00fcrgerrechte und Sozialpolitik im Stadtrat Sant Feliu de Llobregat. Als Mitglied der UGT von Katalonien hatte sie die Sekretariate f\u00fcr die Unterst\u00fctzung von Arbeitslosen, f\u00fcr Gleichstellung und Sozialpolitik sowie f\u00fcr Frauen und Gleichstellung inne. Au\u00dferdem war sie Pr\u00e4sidentin\/Gesch\u00e4ftsf\u00fchrerin der Vereinigung f\u00fcr gegenseitige Hilfe f\u00fcr Immigranten (AMIC) in Katalonien.<\/p>\n\n\n\n<p>Die neue Pr\u00e4sidentin von Mercabarna wird weiterhin Projekte in den Bereichen \u00f6kologische und soziale Nachhaltigkeit, digitale Transformation, Ausbildung und Innovation innerhalb des Lebensmittelsektors f\u00f6rdern, um die Wettbewerbsf\u00e4higkeit der Gro\u00dfhandelsunternehmen zu verbessern und die Versorgung der Bev\u00f6lkerung mit frischen Lebensmitteln zu gew\u00e4hrleisten.<\/p>\n\n\n\n<p>In Mercabarna gibt es 600 Lebensmittelunternehmen, die rund 7.500 Mitarbeiter besch\u00e4ftigen und rund 10 Millionen Menschen in Katalonien, Spanien und verschiedenen Teilen Europas mit frischen Lebensmitteln versorgen. Quelle und Foto: Mercabarna<\/p>\n","protected":false},"excerpt":{"rendered":"<p>Der au\u00dferordentliche Verwaltungsrat von Mercabarna hat in KW 30 Raquel Gil, stellvertretende B\u00fcrgermeisterin f\u00fcr soziale Rechte, Wirtschaftsf\u00f6rderung, Besch\u00e4ftigung,<\/p>\n","protected":false},"author":1,"featured_media":3170,"comment_status":"closed","ping_status":"closed","sticky":false,"template":"","format":"standard","meta":{"footnotes":""},"categories":[34],"tags":[],"class_list":["post-3169","post","type-post","status-publish","format-standard","has-post-thumbnail","hentry","category-allgemein"],"featured_image_urls":{"full":["https:\/\/agronoticias.es\/de\/wp-content\/uploads\/2025\/07\/Raquel-Gil-Presidenta-Mercabarna.jpg",1793,895,false],"thumbnail":["https:\/\/agronoticias.es\/de\/wp-content\/uploads\/2025\/07\/Raquel-Gil-Presidenta-Mercabarna-150x150.jpg",150,150,true],"medium":["https:\/\/agronoticias.es\/de\/wp-content\/uploads\/2025\/07\/Raquel-Gil-Presidenta-Mercabarna-300x150.jpg",300,150,true],"medium_large":["https:\/\/agronoticias.es\/de\/wp-content\/uploads\/2025\/07\/Raquel-Gil-Presidenta-Mercabarna-768x383.jpg",640,319,true],"large":["https:\/\/agronoticias.es\/de\/wp-content\/uploads\/2025\/07\/Raquel-Gil-Presidenta-Mercabarna-1024x511.jpg",640,319,true],"1536x1536":["https:\/\/agronoticias.es\/de\/wp-content\/uploads\/2025\/07\/Raquel-Gil-Presidenta-Mercabarna-1536x767.jpg",1536,767,true],"2048x2048":["https:\/\/agronoticias.es\/de\/wp-content\/uploads\/2025\/07\/Raquel-Gil-Presidenta-Mercabarna.jpg",1793,895,false],"morenews-large":["https:\/\/agronoticias.es\/de\/wp-content\/uploads\/2025\/07\/Raquel-Gil-Presidenta-Mercabarna-825x575.jpg",825,575,true],"morenews-medium":["https:\/\/agronoticias.es\/de\/wp-content\/uploads\/2025\/07\/Raquel-Gil-Presidenta-Mercabarna-590x410.jpg",590,410,true]},"author_info":{"display_name":"admin","author_link":"https:\/\/agronoticias.es\/de\/author\/admin\/"},"category_info":"<a href=\"https:\/\/agronoticias.es\/de\/category\/allgemein\/\" rel=\"category tag\">Allgemein<\/a>","tag_info":"Allgemein","comment_count":"0","_links":{"self":[{"href":"https:\/\/agronoticias.es\/de\/wp-json\/wp\/v2\/posts\/3169","targetHints":{"allow":["GET"]}}],"collection":[{"href":"https:\/\/agronoticias.es\/de\/wp-json\/wp\/v2\/posts"}],"about":[{"href":"https:\/\/agronoticias.es\/de\/wp-json\/wp\/v2\/types\/post"}],"author":[{"embeddable":true,"href":"https:\/\/agronoticias.es\/de\/wp-json\/wp\/v2\/users\/1"}],"replies":[{"embeddable":true,"href":"https:\/\/agronoticias.es\/de\/wp-json\/wp\/v2\/comments?post=3169"}],"version-history":[{"count":1,"href":"https:\/\/agronoticias.es\/de\/wp-json\/wp\/v2\/posts\/3169\/revisions"}],"predecessor-version":[{"id":3171,"href":"https:\/\/agronoticias.es\/de\/wp-json\/wp\/v2\/posts\/3169\/revisions\/3171"}],"wp:featuredmedia":[{"embeddable":true,"href":"https:\/\/agronoticias.es\/de\/wp-json\/wp\/v2\/media\/3170"}],"wp:attachment":[{"href":"https:\/\/agronoticias.es\/de\/wp-json\/wp\/v2\/media?parent=3169"}],"wp:term":[{"taxonomy":"category","embeddable":true,"href":"https:\/\/agronoticias.es\/de\/wp-json\/wp\/v2\/categories?post=3169"},{"taxonomy":"post_tag","embeddable":true,"href":"https:\/\/agronoticias.es\/de\/wp-json\/wp\/v2\/tags?post=3169"}],"curies":[{"name":"wp","href":"https:\/\/api.w.org\/{rel}","templated":true}]}}