{"id":3159,"date":"2025-07-23T11:00:52","date_gmt":"2025-07-23T09:00:52","guid":{"rendered":"https:\/\/agronoticias.es\/de\/?p=3159"},"modified":"2025-07-23T11:01:36","modified_gmt":"2025-07-23T09:01:36","slug":"katalonien-produktionskapazitat-bei-kernobst-nicht-erreicht","status":"publish","type":"post","link":"https:\/\/agronoticias.es\/de\/katalonien-produktionskapazitat-bei-kernobst-nicht-erreicht\/","title":{"rendered":"Katalonien: Produktionskapazit\u00e4t bei Kernobst nicht erreicht"},"content":{"rendered":"\n<p><\/p>\n\n\n\n<p>Nach Informationen von Afrucat (Verband der katalanischen Obstproduzentenunternehmen) sind die in diesem Fr\u00fchjahr aufgetreteten Gewitterst\u00fcrme mit Hagel die Ursache daf\u00fcr, dass Katalonien in der Kernobstsaison 2025 sein Produktionspotential nicht erreicht.<\/p>\n\n\n\n<p>Manel Simon, Gesch\u00e4ftsf\u00fchrer von Afrucat, erkl\u00e4rte: \u00abObwohl einige Erzeuger stark vom Hagel betroffen waren, konnten wir durch das zeitlich fr\u00fche Auftreten der Hagelst\u00fcrme eine Saison mit akzeptablen Mengen und sehr guter Fruchtqualit\u00e4t vorhersagen. Die K\u00fchlh\u00e4user sind aufgrund der geringen Produktion der vergangenen Saison leer. Nichts deutet darauf hin, dass die M\u00e4rkte kollabieren werden, sondern dass es ein geordnetes und ruhiges Jahr werden wird\u00bb.<\/p>\n\n\n\n<p>Joan Serentill, Vorsitzende des Afrucat-Ausschusses f\u00fcr \u00c4pfel und Birnen, f\u00fcgte hinzu, dass die Birnen in erster Linie f\u00fcr den nationalen Markt bestimmt sind und die gute Gr\u00f6\u00dfe und der Zuckergehalt der Fr\u00fcchte bei den Verbrauchern, die hohe Anspr\u00fcche an die Kaliber stellen, gut ankommen werden.<\/p>\n\n\n\n<p>\u00c4pfel<\/p>\n\n\n\n<p>Die f\u00fcr 2025 prognostizierte Apfelernte in Katalonien liegt bei 260.790 t, 4 % weniger als im letzten Jahr und 3 % mehr als im Durchschnitt der letzten f\u00fcnf Jahre. Trotz der Erholung ist die Produktion weit von ihrem Potenzial entfernt und bleibt bei \u00e4hnlichen Mengen wie in den letzten 5 Jahren.<\/p>\n\n\n\n<p>Die f\u00fcr 2025 gesch\u00e4tzte Produktion in Lleida (170.290 t) liegt \u00fcber dem Durchschnitt der letzten 5 Jahre (6 %) und 1 % h\u00f6her als im letzten Jahr. Das Gebiet von Girona hat einen leichten R\u00fcckgang erlitten, da die Auswirkungen der schweren D\u00fcrre immer noch nachwirken, und auch aufgrund der Alternanz der B\u00e4ume. Die Spezialisierung auf den Apfelanbau hat dazu gef\u00fchrt, dass Girona in diesem Jahr 34 % der katalanischen Produktion erntet, w\u00e4hrend auf Lleida 65 % entfallen werden. Bezug auf die Sorten, sind das Wachstum der Gruppe Granny hervorzuheben, sowie die neuen Variet\u00e4ten wie die Tutti.<\/p>\n\n\n\n<p> Der Erntebeginn h\u00e4ngt von den jeweiligen Produktionsgebieten ab. Allgemein rechnet Afrucat mit einer Versp\u00e4tung von drei bis sieben Tagen, obwohl in einigen Gebieten von Lleida voraussichtlich zum normalen Zeitpunkt begonnen wird. Quelle und Foto: Afrucat<\/p>\n","protected":false},"excerpt":{"rendered":"<p>Nach Informationen von Afrucat (Verband der katalanischen Obstproduzentenunternehmen) sind die in diesem Fr\u00fchjahr aufgetreteten Gewitterst\u00fcrme mit Hagel die<\/p>\n","protected":false},"author":1,"featured_media":3160,"comment_status":"closed","ping_status":"closed","sticky":false,"template":"","format":"standard","meta":{"footnotes":""},"categories":[34],"tags":[],"class_list":["post-3159","post","type-post","status-publish","format-standard","has-post-thumbnail","hentry","category-allgemein"],"featured_image_urls":{"full":["https:\/\/agronoticias.es\/de\/wp-content\/uploads\/2025\/07\/Afrucat-previsionen-fruta-pepita.jpeg",1066,800,false],"thumbnail":["https:\/\/agronoticias.es\/de\/wp-content\/uploads\/2025\/07\/Afrucat-previsionen-fruta-pepita-150x150.jpeg",150,150,true],"medium":["https:\/\/agronoticias.es\/de\/wp-content\/uploads\/2025\/07\/Afrucat-previsionen-fruta-pepita-300x225.jpeg",300,225,true],"medium_large":["https:\/\/agronoticias.es\/de\/wp-content\/uploads\/2025\/07\/Afrucat-previsionen-fruta-pepita-768x576.jpeg",640,480,true],"large":["https:\/\/agronoticias.es\/de\/wp-content\/uploads\/2025\/07\/Afrucat-previsionen-fruta-pepita-1024x768.jpeg",640,480,true],"1536x1536":["https:\/\/agronoticias.es\/de\/wp-content\/uploads\/2025\/07\/Afrucat-previsionen-fruta-pepita.jpeg",1066,800,false],"2048x2048":["https:\/\/agronoticias.es\/de\/wp-content\/uploads\/2025\/07\/Afrucat-previsionen-fruta-pepita.jpeg",1066,800,false],"morenews-large":["https:\/\/agronoticias.es\/de\/wp-content\/uploads\/2025\/07\/Afrucat-previsionen-fruta-pepita-825x575.jpeg",825,575,true],"morenews-medium":["https:\/\/agronoticias.es\/de\/wp-content\/uploads\/2025\/07\/Afrucat-previsionen-fruta-pepita-590x410.jpeg",590,410,true]},"author_info":{"display_name":"admin","author_link":"https:\/\/agronoticias.es\/de\/author\/admin\/"},"category_info":"<a href=\"https:\/\/agronoticias.es\/de\/category\/allgemein\/\" rel=\"category tag\">Allgemein<\/a>","tag_info":"Allgemein","comment_count":"0","_links":{"self":[{"href":"https:\/\/agronoticias.es\/de\/wp-json\/wp\/v2\/posts\/3159","targetHints":{"allow":["GET"]}}],"collection":[{"href":"https:\/\/agronoticias.es\/de\/wp-json\/wp\/v2\/posts"}],"about":[{"href":"https:\/\/agronoticias.es\/de\/wp-json\/wp\/v2\/types\/post"}],"author":[{"embeddable":true,"href":"https:\/\/agronoticias.es\/de\/wp-json\/wp\/v2\/users\/1"}],"replies":[{"embeddable":true,"href":"https:\/\/agronoticias.es\/de\/wp-json\/wp\/v2\/comments?post=3159"}],"version-history":[{"count":2,"href":"https:\/\/agronoticias.es\/de\/wp-json\/wp\/v2\/posts\/3159\/revisions"}],"predecessor-version":[{"id":3162,"href":"https:\/\/agronoticias.es\/de\/wp-json\/wp\/v2\/posts\/3159\/revisions\/3162"}],"wp:featuredmedia":[{"embeddable":true,"href":"https:\/\/agronoticias.es\/de\/wp-json\/wp\/v2\/media\/3160"}],"wp:attachment":[{"href":"https:\/\/agronoticias.es\/de\/wp-json\/wp\/v2\/media?parent=3159"}],"wp:term":[{"taxonomy":"category","embeddable":true,"href":"https:\/\/agronoticias.es\/de\/wp-json\/wp\/v2\/categories?post=3159"},{"taxonomy":"post_tag","embeddable":true,"href":"https:\/\/agronoticias.es\/de\/wp-json\/wp\/v2\/tags?post=3159"}],"curies":[{"name":"wp","href":"https:\/\/api.w.org\/{rel}","templated":true}]}}