{"id":3154,"date":"2025-07-22T12:11:39","date_gmt":"2025-07-22T10:11:39","guid":{"rendered":"https:\/\/agronoticias.es\/de\/?p=3154"},"modified":"2025-07-22T12:11:42","modified_gmt":"2025-07-22T10:11:42","slug":"spanien-obst-und-gemuseexporte-stabilisieren-sich","status":"publish","type":"post","link":"https:\/\/agronoticias.es\/de\/spanien-obst-und-gemuseexporte-stabilisieren-sich\/","title":{"rendered":"Spanien: Obst- und Gem\u00fcseexporte stabilisieren sich"},"content":{"rendered":"\n<p><\/p>\n\n\n\n<p>Der spanische Export von frischem Obst und Gem\u00fcse hat sich von Januar bis Mai 2025 im Vergleich zum Vorjahr mit 5,6 Mio t (-0,3 %) stabilisiert, w\u00e4hrend der Umsatz mit 9,46 Mrd Euro um 8 % gestiegen ist. Der Grund f\u00fcr die Mengenstabilisierung in den ersten f\u00fcnf Monaten des Jahres liegt haupts\u00e4chlich an dem 12 %igen R\u00fcckgang der Gem\u00fcseausfuhren im Mai, die von 463.588 (2024) auf 409.444 t gesunken sind, sowie die im Februar (-9 %) und M\u00e4rz (-4 %).<\/p>\n\n\n\n<p>Die meist exportierten Gem\u00fcseprodukte in diesem Zeitraum waren Salat mit 438.636 t (-2 %)&nbsp; und 577 Mio Euro (-11 %), Paprika 416.498 t (-4 %) und 990 Mio Euro (-13 %) und Kohlgem\u00fcse mit 368.235 t (-3 % und 548 Mio Euro (+5 %).<\/p>\n\n\n\n<p>Die Obstexporte von Januar bis Mai 25 erreichten 2,7 Mio t (+2 %) im Wert von 4,849 Mrd Euro (+9%). Nach Citrus waren Erdbeeren mit 243.171 t (+1%) und 810 Mio Euro (+9%) das meist ausgef\u00fchrte Produkt. Zu erw\u00e4hnen auch Wassermelonen mit enem Volumen von 176.666 t (-4 %) im Wert von 184 Mio Euro (+10 %).Quelle: Fepex<\/p>\n","protected":false},"excerpt":{"rendered":"<p>Der spanische Export von frischem Obst und Gem\u00fcse hat sich von Januar bis Mai 2025 im Vergleich zum<\/p>\n","protected":false},"author":1,"featured_media":2992,"comment_status":"closed","ping_status":"closed","sticky":false,"template":"","format":"standard","meta":{"footnotes":""},"categories":[34],"tags":[],"class_list":["post-3154","post","type-post","status-publish","format-standard","has-post-thumbnail","hentry","category-allgemein"],"featured_image_urls":{"full":["https:\/\/agronoticias.es\/de\/wp-content\/uploads\/2025\/04\/fresas-bw.jpg",808,533,false],"thumbnail":["https:\/\/agronoticias.es\/de\/wp-content\/uploads\/2025\/04\/fresas-bw-150x150.jpg",150,150,true],"medium":["https:\/\/agronoticias.es\/de\/wp-content\/uploads\/2025\/04\/fresas-bw-300x198.jpg",300,198,true],"medium_large":["https:\/\/agronoticias.es\/de\/wp-content\/uploads\/2025\/04\/fresas-bw-768x507.jpg",640,423,true],"large":["https:\/\/agronoticias.es\/de\/wp-content\/uploads\/2025\/04\/fresas-bw.jpg",640,422,false],"1536x1536":["https:\/\/agronoticias.es\/de\/wp-content\/uploads\/2025\/04\/fresas-bw.jpg",808,533,false],"2048x2048":["https:\/\/agronoticias.es\/de\/wp-content\/uploads\/2025\/04\/fresas-bw.jpg",808,533,false],"morenews-large":["https:\/\/agronoticias.es\/de\/wp-content\/uploads\/2025\/04\/fresas-bw.jpg",808,533,false],"morenews-medium":["https:\/\/agronoticias.es\/de\/wp-content\/uploads\/2025\/04\/fresas-bw-590x410.jpg",590,410,true]},"author_info":{"display_name":"admin","author_link":"https:\/\/agronoticias.es\/de\/author\/admin\/"},"category_info":"<a href=\"https:\/\/agronoticias.es\/de\/category\/allgemein\/\" rel=\"category tag\">Allgemein<\/a>","tag_info":"Allgemein","comment_count":"0","_links":{"self":[{"href":"https:\/\/agronoticias.es\/de\/wp-json\/wp\/v2\/posts\/3154","targetHints":{"allow":["GET"]}}],"collection":[{"href":"https:\/\/agronoticias.es\/de\/wp-json\/wp\/v2\/posts"}],"about":[{"href":"https:\/\/agronoticias.es\/de\/wp-json\/wp\/v2\/types\/post"}],"author":[{"embeddable":true,"href":"https:\/\/agronoticias.es\/de\/wp-json\/wp\/v2\/users\/1"}],"replies":[{"embeddable":true,"href":"https:\/\/agronoticias.es\/de\/wp-json\/wp\/v2\/comments?post=3154"}],"version-history":[{"count":1,"href":"https:\/\/agronoticias.es\/de\/wp-json\/wp\/v2\/posts\/3154\/revisions"}],"predecessor-version":[{"id":3155,"href":"https:\/\/agronoticias.es\/de\/wp-json\/wp\/v2\/posts\/3154\/revisions\/3155"}],"wp:featuredmedia":[{"embeddable":true,"href":"https:\/\/agronoticias.es\/de\/wp-json\/wp\/v2\/media\/2992"}],"wp:attachment":[{"href":"https:\/\/agronoticias.es\/de\/wp-json\/wp\/v2\/media?parent=3154"}],"wp:term":[{"taxonomy":"category","embeddable":true,"href":"https:\/\/agronoticias.es\/de\/wp-json\/wp\/v2\/categories?post=3154"},{"taxonomy":"post_tag","embeddable":true,"href":"https:\/\/agronoticias.es\/de\/wp-json\/wp\/v2\/tags?post=3154"}],"curies":[{"name":"wp","href":"https:\/\/api.w.org\/{rel}","templated":true}]}}