{"id":3151,"date":"2025-07-21T17:19:34","date_gmt":"2025-07-21T15:19:34","guid":{"rendered":"https:\/\/agronoticias.es\/de\/?p=3151"},"modified":"2025-07-21T17:19:34","modified_gmt":"2025-07-21T15:19:34","slug":"spanien-castilla-la-mancha-erwartet-eine-ahnliche-melonenernte-wie-2024","status":"publish","type":"post","link":"https:\/\/agronoticias.es\/de\/spanien-castilla-la-mancha-erwartet-eine-ahnliche-melonenernte-wie-2024\/","title":{"rendered":"Spanien: Castilla-La Mancha erwartet eine \u00e4hnliche Melonenernte wie 2024"},"content":{"rendered":"\n<p>Cooperativas Agro-alimentarias de Castilla-La Mancha gehen davon aus, dass die Melonensaison in Castilla-La Mancha \u00e4hnlich ausfallen wird wie im vergangenen Jahr, wobei es bei Wassermelonen einem leichten Fl\u00e4chenanstieg von 8 % gibt.<\/p>\n\n\n\n<p>Dies erkl\u00e4rten die Mitglieder des Melonensektors der Cooperativas Agro-alimentarias, die Ende KW 29\/2025 in Tomelloso\/Ciudad Real zusammenkamen, um die aktuelle Situation des Sektors und die wichtigsten Aspekte der neuen Saison zu analysieren. Die bisherige nationale Melonensaison ist durch die Beibehaltung der Anbaufl\u00e4che, der hervorragenden Produktqualit\u00e4t und hohen Nachfrage gekennzeichnet.<\/p>\n\n\n\n<p>Nach Angaben von Jos\u00e9 \u00c1ngel Serrano, Sprecher des Melonensektors, hat sich die Anbaufl\u00e4che in Castilla-La Mancha von 2022 mit 7.990 ha \u2013 dem Jahr mit der kleinsten Fl\u00e4che \u2013 auf 9.058 ha in der Kampagne 2024 erholt (5.651 ha Zuckermelonen und 3.407 ha Wassermelonen). \u201eDiese Fl\u00e4che wird in 2025 voraussichtlich beibehalten oder leicht erh\u00f6ht sein, im Fall von Wassermelonen um 8 %. Angesichts dieses stabilen Produktionspotenzials versichern uns die Erzeuger, dass die Qualit\u00e4t der Fr\u00fcchte der beginnenden Ernte in Castilla-La Mancha hervorragend ausf\u00e4llt\u201c, erkl\u00e4rte er.\u201c<\/p>\n\n\n\n<p>Daneben forderte der Melonensektor die Genossenschaften auf, auch weiterhin Fortschritte bei der Planung der Pflanzung und der Ernte zum optimalen Reifezeitpunkt zu machen, um dem Verbraucher \u00fcber einen l\u00e4ngeren Zeitraum ein hochwertiges Produkt anbieten zu k\u00f6nnen und damit das Problem einer zu starken Saisonabh\u00e4ngigkeit zu verringern. Cooperativas Agro-alimentarias de Castilla-La Mancha<\/p>\n","protected":false},"excerpt":{"rendered":"<p>Cooperativas Agro-alimentarias de Castilla-La Mancha gehen davon aus, dass die Melonensaison in Castilla-La Mancha \u00e4hnlich ausfallen wird wie<\/p>\n","protected":false},"author":1,"featured_media":3152,"comment_status":"closed","ping_status":"closed","sticky":false,"template":"","format":"standard","meta":{"footnotes":""},"categories":[34],"tags":[],"class_list":["post-3151","post","type-post","status-publish","format-standard","has-post-thumbnail","hentry","category-allgemein"],"featured_image_urls":{"full":["https:\/\/agronoticias.es\/de\/wp-content\/uploads\/2025\/07\/Melonen-Castilla-La-Mancha.jpg",800,479,false],"thumbnail":["https:\/\/agronoticias.es\/de\/wp-content\/uploads\/2025\/07\/Melonen-Castilla-La-Mancha-150x150.jpg",150,150,true],"medium":["https:\/\/agronoticias.es\/de\/wp-content\/uploads\/2025\/07\/Melonen-Castilla-La-Mancha-300x180.jpg",300,180,true],"medium_large":["https:\/\/agronoticias.es\/de\/wp-content\/uploads\/2025\/07\/Melonen-Castilla-La-Mancha-768x460.jpg",640,383,true],"large":["https:\/\/agronoticias.es\/de\/wp-content\/uploads\/2025\/07\/Melonen-Castilla-La-Mancha.jpg",640,383,false],"1536x1536":["https:\/\/agronoticias.es\/de\/wp-content\/uploads\/2025\/07\/Melonen-Castilla-La-Mancha.jpg",800,479,false],"2048x2048":["https:\/\/agronoticias.es\/de\/wp-content\/uploads\/2025\/07\/Melonen-Castilla-La-Mancha.jpg",800,479,false],"morenews-large":["https:\/\/agronoticias.es\/de\/wp-content\/uploads\/2025\/07\/Melonen-Castilla-La-Mancha.jpg",800,479,false],"morenews-medium":["https:\/\/agronoticias.es\/de\/wp-content\/uploads\/2025\/07\/Melonen-Castilla-La-Mancha-590x410.jpg",590,410,true]},"author_info":{"display_name":"admin","author_link":"https:\/\/agronoticias.es\/de\/author\/admin\/"},"category_info":"<a href=\"https:\/\/agronoticias.es\/de\/category\/allgemein\/\" rel=\"category tag\">Allgemein<\/a>","tag_info":"Allgemein","comment_count":"0","_links":{"self":[{"href":"https:\/\/agronoticias.es\/de\/wp-json\/wp\/v2\/posts\/3151","targetHints":{"allow":["GET"]}}],"collection":[{"href":"https:\/\/agronoticias.es\/de\/wp-json\/wp\/v2\/posts"}],"about":[{"href":"https:\/\/agronoticias.es\/de\/wp-json\/wp\/v2\/types\/post"}],"author":[{"embeddable":true,"href":"https:\/\/agronoticias.es\/de\/wp-json\/wp\/v2\/users\/1"}],"replies":[{"embeddable":true,"href":"https:\/\/agronoticias.es\/de\/wp-json\/wp\/v2\/comments?post=3151"}],"version-history":[{"count":1,"href":"https:\/\/agronoticias.es\/de\/wp-json\/wp\/v2\/posts\/3151\/revisions"}],"predecessor-version":[{"id":3153,"href":"https:\/\/agronoticias.es\/de\/wp-json\/wp\/v2\/posts\/3151\/revisions\/3153"}],"wp:featuredmedia":[{"embeddable":true,"href":"https:\/\/agronoticias.es\/de\/wp-json\/wp\/v2\/media\/3152"}],"wp:attachment":[{"href":"https:\/\/agronoticias.es\/de\/wp-json\/wp\/v2\/media?parent=3151"}],"wp:term":[{"taxonomy":"category","embeddable":true,"href":"https:\/\/agronoticias.es\/de\/wp-json\/wp\/v2\/categories?post=3151"},{"taxonomy":"post_tag","embeddable":true,"href":"https:\/\/agronoticias.es\/de\/wp-json\/wp\/v2\/tags?post=3151"}],"curies":[{"name":"wp","href":"https:\/\/api.w.org\/{rel}","templated":true}]}}