{"id":3143,"date":"2025-07-17T13:05:48","date_gmt":"2025-07-17T11:05:48","guid":{"rendered":"https:\/\/agronoticias.es\/de\/?p=3143"},"modified":"2025-07-17T13:05:49","modified_gmt":"2025-07-17T11:05:49","slug":"rukwied-eu-verabschiedet-sich-vom-kern-des-europaischen-gedankens","status":"publish","type":"post","link":"https:\/\/agronoticias.es\/de\/rukwied-eu-verabschiedet-sich-vom-kern-des-europaischen-gedankens\/","title":{"rendered":"Rukwied: EU verabschiedet sich vom Kern des europ\u00e4ischen Gedankens"},"content":{"rendered":"\n<p><\/p>\n\n\n\n<p>Der Pr\u00e4sident des Deutschen Bauernverbandes, Joachim Rukwied, kritisiert den Vorschlag der EU-Kommission zur Umstrukturierung des EU-Haushalts und der Gemeinsamen Agrarpolitik (GAP) in aller Deutlichkeit: \u201eDie EU-Kommission l\u00e4utet mit ihrem Haushaltsvorschlag und der Strukturver\u00e4nderung das Ende der Gemeinsamen Politik f\u00fcr Landwirtschaft und L\u00e4ndliche Entwicklung ein. Das ist ein Angriff auf die Landwirtschaft und die l\u00e4ndlichen R\u00e4ume, der letztlich den europ\u00e4ischen Gedanken konterkariert.\u201c<\/p>\n\n\n\n<p>Das f\u00fcr die GAP im Single Fund vorgeschlagene Budgetvolumen von 302 Mrd. Euro bewertet Rukwied kritisch. \u201eZwar ist das Volumen zweckgebunden f\u00fcr die Umsetzung der GAP. Trotzdem ist damit eine faktische K\u00fcrzung von \u00fcber 20 Prozent verbunden. Nur ein deutlich erh\u00f6htes und zweckgebundenes Agrarbudget im kommenden EU-Haushalt wird den Herausforderungen der Zeit und dem Ziel einer europ\u00e4ischen Wettbewerbsgleichheit gerecht.\u201c<\/p>\n\n\n\n<p>Der Kommissionsvorschlag mit der obligatorischen Degression und vollst\u00e4ndigen Kappung der Direktzahlungen ignoriert die Vielfalt und Verschiedenheit der gewachsenen Agrarstrukturen in Europa und in Deutschland. \u201eWer so mit der Landwirtschaft und den l\u00e4ndlichen R\u00e4umen umgeht, riskiert nicht nur die Ern\u00e4hrungssouver\u00e4nit\u00e4t und Sicherheit in Europa, sondern auch das soziale Gef\u00fcge und die Stabilit\u00e4t der Union \u2013 ein absolutes No Go f\u00fcr die deutschen Landwirte\u201c, so Rukwied weiter. \u201eVor allem bedeutet dieser Vorschlag das Ende der europ\u00e4ischen Gemeinsamkeit und eine Renationalisierung der Politik f\u00fcr Landwirtschaft und l\u00e4ndliche R\u00e4ume. Gleiche Wettbewerbsbedingungen sind eine wesentliche Voraussetzung f\u00fcr den Gemeinsamen Markt.\u201c<\/p>\n\n\n\n<p>Mit ihren Vorschl\u00e4gen zerrei\u00dft die EU-Kommission auch die \u00fcber Jahrzehnte bew\u00e4hrte und erfolgreiche l\u00e4ndliche Entwicklung. Zum Unmut der Landwirte werden etablierte Agrarumweltma\u00dfnahmen, innovationstreibende Investitionen und wichtige Kofinanzierungen f\u00fcr die L\u00e4nder unn\u00f6tig in Frage gestellt.<\/p>\n\n\n\n<p>\u201eMit dem neuen Vorschlag versagt die Kommission als H\u00fcterin der europ\u00e4ischen Vertr\u00e4ge. Es liegt nun an den Mitgliedstaaten und dem Europ\u00e4ischen Parlament, die Kommission an ihre Verantwortung zu erinnern, die Wettbewerbsf\u00e4higkeit der Landwirtschaft und damit den Binnenmarkt zu st\u00e4rken\u201c, so Rukwied.<\/p>\n\n\n\n<p>Seit jeher ist die GAP eine zentrale S\u00e4ule der europ\u00e4ischen Integration und Einheit. Sie wirkt als Stabilit\u00e4tsanker f\u00fcr die 450 Millionen Europ\u00e4er, die Menschen in den l\u00e4ndlichen R\u00e4umen und die breite Vielfalt der landwirtschaftlichen Ein- und Mehrfamilienbetriebe. Diese Erkenntnis und den Zuspruch bekr\u00e4ftigt nicht zuletzt das j\u00fcngste Eurobarometer (https:\/\/is.gd\/cHaKND). Worauf es nun f\u00fcr die Staats- und Regierungschefs und die Finanz- und Agrarminister der Mitgliedstaaten sowie die Europaabgeordneten ankommt, bringt der DBV in 7 wesentlichen Kernanliegen zum Ausdruck (<a href=\"https:\/\/is.gd\/UsUoEU\">https:\/\/is.gd\/UsUoEU<\/a>). Quelle und Foto: DBV<\/p>\n","protected":false},"excerpt":{"rendered":"<p>Der Pr\u00e4sident des Deutschen Bauernverbandes, Joachim Rukwied, kritisiert den Vorschlag der EU-Kommission zur Umstrukturierung des EU-Haushalts und der<\/p>\n","protected":false},"author":1,"featured_media":3144,"comment_status":"closed","ping_status":"closed","sticky":false,"template":"","format":"standard","meta":{"footnotes":""},"categories":[34],"tags":[],"class_list":["post-3143","post","type-post","status-publish","format-standard","has-post-thumbnail","hentry","category-allgemein"],"featured_image_urls":{"full":["https:\/\/agronoticias.es\/de\/wp-content\/uploads\/2025\/07\/Rukwied__Joachim_Quelle_DBV-Breloer.jpg",600,418,false],"thumbnail":["https:\/\/agronoticias.es\/de\/wp-content\/uploads\/2025\/07\/Rukwied__Joachim_Quelle_DBV-Breloer-150x150.jpg",150,150,true],"medium":["https:\/\/agronoticias.es\/de\/wp-content\/uploads\/2025\/07\/Rukwied__Joachim_Quelle_DBV-Breloer-300x209.jpg",300,209,true],"medium_large":["https:\/\/agronoticias.es\/de\/wp-content\/uploads\/2025\/07\/Rukwied__Joachim_Quelle_DBV-Breloer.jpg",600,418,false],"large":["https:\/\/agronoticias.es\/de\/wp-content\/uploads\/2025\/07\/Rukwied__Joachim_Quelle_DBV-Breloer.jpg",600,418,false],"1536x1536":["https:\/\/agronoticias.es\/de\/wp-content\/uploads\/2025\/07\/Rukwied__Joachim_Quelle_DBV-Breloer.jpg",600,418,false],"2048x2048":["https:\/\/agronoticias.es\/de\/wp-content\/uploads\/2025\/07\/Rukwied__Joachim_Quelle_DBV-Breloer.jpg",600,418,false],"morenews-large":["https:\/\/agronoticias.es\/de\/wp-content\/uploads\/2025\/07\/Rukwied__Joachim_Quelle_DBV-Breloer.jpg",600,418,false],"morenews-medium":["https:\/\/agronoticias.es\/de\/wp-content\/uploads\/2025\/07\/Rukwied__Joachim_Quelle_DBV-Breloer-590x410.jpg",590,410,true]},"author_info":{"display_name":"admin","author_link":"https:\/\/agronoticias.es\/de\/author\/admin\/"},"category_info":"<a href=\"https:\/\/agronoticias.es\/de\/category\/allgemein\/\" rel=\"category tag\">Allgemein<\/a>","tag_info":"Allgemein","comment_count":"0","_links":{"self":[{"href":"https:\/\/agronoticias.es\/de\/wp-json\/wp\/v2\/posts\/3143","targetHints":{"allow":["GET"]}}],"collection":[{"href":"https:\/\/agronoticias.es\/de\/wp-json\/wp\/v2\/posts"}],"about":[{"href":"https:\/\/agronoticias.es\/de\/wp-json\/wp\/v2\/types\/post"}],"author":[{"embeddable":true,"href":"https:\/\/agronoticias.es\/de\/wp-json\/wp\/v2\/users\/1"}],"replies":[{"embeddable":true,"href":"https:\/\/agronoticias.es\/de\/wp-json\/wp\/v2\/comments?post=3143"}],"version-history":[{"count":1,"href":"https:\/\/agronoticias.es\/de\/wp-json\/wp\/v2\/posts\/3143\/revisions"}],"predecessor-version":[{"id":3145,"href":"https:\/\/agronoticias.es\/de\/wp-json\/wp\/v2\/posts\/3143\/revisions\/3145"}],"wp:featuredmedia":[{"embeddable":true,"href":"https:\/\/agronoticias.es\/de\/wp-json\/wp\/v2\/media\/3144"}],"wp:attachment":[{"href":"https:\/\/agronoticias.es\/de\/wp-json\/wp\/v2\/media?parent=3143"}],"wp:term":[{"taxonomy":"category","embeddable":true,"href":"https:\/\/agronoticias.es\/de\/wp-json\/wp\/v2\/categories?post=3143"},{"taxonomy":"post_tag","embeddable":true,"href":"https:\/\/agronoticias.es\/de\/wp-json\/wp\/v2\/tags?post=3143"}],"curies":[{"name":"wp","href":"https:\/\/api.w.org\/{rel}","templated":true}]}}