{"id":3110,"date":"2025-06-25T12:29:41","date_gmt":"2025-06-25T10:29:41","guid":{"rendered":"https:\/\/agronoticias.es\/de\/?p=3110"},"modified":"2025-06-25T12:29:41","modified_gmt":"2025-06-25T10:29:41","slug":"ignacio-antequera-wird-neuer-direktor-von-fepex","status":"publish","type":"post","link":"https:\/\/agronoticias.es\/de\/ignacio-antequera-wird-neuer-direktor-von-fepex\/","title":{"rendered":"Ignacio Antequera wird neuer Direktor von FEPEX"},"content":{"rendered":"\n<p><\/p>\n\n\n\n<p><\/p>\n\n\n\n<p>Ignacio Antequera, Agraringenieur mit \u00fcber 25 Jahren Erfahrung in Positionen innerhalb der O+G-Wertsch\u00f6pfungskette, &nbsp;wird&nbsp; ab dem 1. Juli neuer Direktor von FEPEX (spanischer Dachverband der Erzeugerverb\u00e4nde f\u00fcr Obst, Gem\u00fcse, Blumen und lebende Pflanzen) und l\u00f6st damit Jos\u00e9 Maria Pozancos ab, der diese Position seit 1992 innehatte und dem Verband weiterhin als Vorstandsmitglied angeh\u00f6ren wird.<\/p>\n\n\n\n<p>Ignacio Antequera ist Agraringenieur mit mehr als 25 Jahren Erfahrung im Management der Beziehungen zwischen den Akteuren in der Vertriebskette von frischem Obst imd Gem\u00fcse. Seit seinem Arbeitsbeginn ist er mit diesem Sektor vertraut. Er begann seine Karriere bei AENOR, wo er gemeinsam mit FEPEX UNE-Standards f\u00fcr O+G entwickelte und verwaltete.<\/p>\n\n\n\n<p>Anschlie\u00dfend verbrachte er den gr\u00f6\u00dften Teil seiner beruflichen Laufbahn bei GLOBALG.A.P., wo er verschiedene Teams und Initiativen in einem internationalen Umfeld leitete und sich auf den Aufbau strategischer Allianzen spezialisierte, um einvernehmliche L\u00f6sungen zwischen den verschiedenen Teilen der Versorgungskette zu Themen wie Lebensmittelsicherheit, R\u00fcckverfolgbarkeit und Transparenz, Umwelt, soziale Fragen und regulatorische Fragen zu erreichen.<\/p>\n\n\n\n<p>Zuletzt war er als Verkaufsdirektor und Leiter der Abteilung Beziehungsaufbau auf globaler Ebene t\u00e4tig. Die GLOBALG.A.P.-Plattform bringt europ\u00e4ische und britische Supermarktketten zusammen, die Ende der 1990er Jahre ein System freiwilliger Standards im Agrar- und Lebensmittelsektor sowie ein Zertifizierungssystem entwickelt haben, das bis heute in Kraft ist.<\/p>\n\n\n\n<p>Ignacio Antequera l\u00f6st Jos\u00e9 Mar\u00eda Pozancos ab, der seit 33 Jahren Direktor von FEPEX ist. In dieser Zeit hat sich der Dachverband, der urspr\u00fcnglich aus 5 Verb\u00e4nden bestand, zur Referenzorganisation des Obst- und Gem\u00fcsesektors entwickelt, mit einem st\u00e4ndigen Bestreben zu wachsen und umfasst heute 34 Verb\u00e4nde, die letzten drei in diesem Jahr. Unter der Leitung von Jos\u00e9 Mar\u00eda Pozancos, der dem Verband weiterhin als Vorstandsmitglied angeh\u00f6ren wird, hat sich FEPEX auch zu einer treibenden Kraft entwickelt, die Projekte wie FRUIT ATTRACTION f\u00f6rdert, die sie gemeinsam mit IFEMA MADRID organisiert und die vom 30. September bis zum 2. Oktober ihre 17. Ausgabe veranstaltet. Quelle und Foto: FEPEX<\/p>\n\n\n\n<p>Fototext: Ignacio Antequera<\/p>\n\n\n\n<p><\/p>\n","protected":false},"excerpt":{"rendered":"<p>Ignacio Antequera, Agraringenieur mit \u00fcber 25 Jahren Erfahrung in Positionen innerhalb der O+G-Wertsch\u00f6pfungskette, &nbsp;wird&nbsp; ab dem 1. Juli<\/p>\n","protected":false},"author":1,"featured_media":3111,"comment_status":"closed","ping_status":"closed","sticky":false,"template":"","format":"standard","meta":{"footnotes":""},"categories":[34],"tags":[],"class_list":["post-3110","post","type-post","status-publish","format-standard","has-post-thumbnail","hentry","category-allgemein"],"featured_image_urls":{"full":["https:\/\/agronoticias.es\/de\/wp-content\/uploads\/2025\/06\/image.png",413,500,false],"thumbnail":["https:\/\/agronoticias.es\/de\/wp-content\/uploads\/2025\/06\/image-150x150.png",150,150,true],"medium":["https:\/\/agronoticias.es\/de\/wp-content\/uploads\/2025\/06\/image-248x300.png",248,300,true],"medium_large":["https:\/\/agronoticias.es\/de\/wp-content\/uploads\/2025\/06\/image.png",413,500,false],"large":["https:\/\/agronoticias.es\/de\/wp-content\/uploads\/2025\/06\/image.png",413,500,false],"1536x1536":["https:\/\/agronoticias.es\/de\/wp-content\/uploads\/2025\/06\/image.png",413,500,false],"2048x2048":["https:\/\/agronoticias.es\/de\/wp-content\/uploads\/2025\/06\/image.png",413,500,false],"morenews-large":["https:\/\/agronoticias.es\/de\/wp-content\/uploads\/2025\/06\/image.png",413,500,false],"morenews-medium":["https:\/\/agronoticias.es\/de\/wp-content\/uploads\/2025\/06\/image-413x410.png",413,410,true]},"author_info":{"display_name":"admin","author_link":"https:\/\/agronoticias.es\/de\/author\/admin\/"},"category_info":"<a href=\"https:\/\/agronoticias.es\/de\/category\/allgemein\/\" rel=\"category tag\">Allgemein<\/a>","tag_info":"Allgemein","comment_count":"0","_links":{"self":[{"href":"https:\/\/agronoticias.es\/de\/wp-json\/wp\/v2\/posts\/3110","targetHints":{"allow":["GET"]}}],"collection":[{"href":"https:\/\/agronoticias.es\/de\/wp-json\/wp\/v2\/posts"}],"about":[{"href":"https:\/\/agronoticias.es\/de\/wp-json\/wp\/v2\/types\/post"}],"author":[{"embeddable":true,"href":"https:\/\/agronoticias.es\/de\/wp-json\/wp\/v2\/users\/1"}],"replies":[{"embeddable":true,"href":"https:\/\/agronoticias.es\/de\/wp-json\/wp\/v2\/comments?post=3110"}],"version-history":[{"count":1,"href":"https:\/\/agronoticias.es\/de\/wp-json\/wp\/v2\/posts\/3110\/revisions"}],"predecessor-version":[{"id":3112,"href":"https:\/\/agronoticias.es\/de\/wp-json\/wp\/v2\/posts\/3110\/revisions\/3112"}],"wp:featuredmedia":[{"embeddable":true,"href":"https:\/\/agronoticias.es\/de\/wp-json\/wp\/v2\/media\/3111"}],"wp:attachment":[{"href":"https:\/\/agronoticias.es\/de\/wp-json\/wp\/v2\/media?parent=3110"}],"wp:term":[{"taxonomy":"category","embeddable":true,"href":"https:\/\/agronoticias.es\/de\/wp-json\/wp\/v2\/categories?post=3110"},{"taxonomy":"post_tag","embeddable":true,"href":"https:\/\/agronoticias.es\/de\/wp-json\/wp\/v2\/tags?post=3110"}],"curies":[{"name":"wp","href":"https:\/\/api.w.org\/{rel}","templated":true}]}}