{"id":3104,"date":"2025-06-20T12:09:45","date_gmt":"2025-06-20T10:09:45","guid":{"rendered":"https:\/\/agronoticias.es\/de\/?p=3104"},"modified":"2025-06-20T12:09:46","modified_gmt":"2025-06-20T10:09:46","slug":"fruit-attraction-2025-wachst-um-5-und-erwartet-mehr-als-2-500-unternehmen-und-120-000-fachleute","status":"publish","type":"post","link":"https:\/\/agronoticias.es\/de\/fruit-attraction-2025-wachst-um-5-und-erwartet-mehr-als-2-500-unternehmen-und-120-000-fachleute\/","title":{"rendered":"Fruit Attraction 2025 w\u00e4chst um 5% und erwartet mehr als 2.500 Unternehmen und 120.000 Fachleute"},"content":{"rendered":"\n<p><\/p>\n\n\n\n<p>Drei Monate vor Startbeginn der Internationalen O+G-Fachmesse Fruit Attraction, die vom 30.9. &#8211; 2.10.25 in Madrid stattfindet, best\u00e4tigt das Organisationskomitee die Teilnahme von aktuell 2.179 Unternehmen aus 61 L\u00e4ndern und eine Ausstellungsfl\u00e4che von 73.655 m2. Das entspricht im Vergleich zur vergangen Messe einem Zuwachs von 5%. Insgesamt erwartet werden \u00fcber 2.500 Unternehmen, eine Fl\u00e4che von 75.000 m2 und 120.000 professionelle Besucher aus 150 L\u00e4ndern.<\/p>\n\n\n\n<p>Zu den Neuheiten in dieser Veranstaltung, wie die Neuverteilung und Sektorisierung der 10 Hallen, kommen Tomaten als Starprodukt hinzu. Tomaten sind das meist konsumierte Gem\u00fcse der Welt und machen in Spanien 24 % des Haushaltsverbrauchs aus. Der Anbau hat auch im nationalen Agrarpanorama eine gro\u00dfe Bedeutung, da er im ganzen Land pr\u00e4sent ist, Arbeitspl\u00e4tze schafft und stark auf den Export ausgerichtet ist, der in 2024 75.000 t im Wert von 1,1 Mrd Euro erreichte. In diesem Sinne werden sich die Aktivit\u00e4ten auf der Messe auf drei Bereiche konzentrieren: die Bedeutung der Tomate in unserer Ern\u00e4hrung, ihre soziale und wirtschaftliche Bedeutung und die geopolitischen Auswirkungen des Handels.<\/p>\n\n\n\n<p>In Form eines Gem\u00fcsegartens wird der Anbau gezeigt. Daneben gibt es eine Ausstellung von innovativen Sorten, Verkostungen, Show-Cooking, diverse Runde Tischgespr\u00e4che \u00fcber Marktdynamik, Tendenzen, sowie geopolitische und regulatorische Fragen auf dem Tomatenmarkt, mit besonderem Augenmerk auf die Auswirkungen des Abkommens zwischen der EU und Marokko auf die EU-Produktion.<\/p>\n\n\n\n<p>In diesem Jahr werden Malaysia und Mexiko die Protagonisten der Initiative \u201eGasteinfuhrl\u00e4nder\u201c sein, die dem leistungsstarken Eink\u00e4uferprogramm hinzugef\u00fcgt wird, zu dem in Zusammenarbeit mit MAPA und ICEX mehr als 700 Eink\u00e4ufer aus der ganzen Welt eingeladen werden. Dar\u00fcber hinaus findet am 15., 16. und 17. September das von ICEX organisierte World Fresh Forum statt, Webinare mit Experten und Handelsfachleuten mit Schwerpunkt auf Mexiko, Malaysia und China.<\/p>\n\n\n\n<p>Fruit Attraction vergibt die Best Stand Awards. Mit dieser Auszeichnung werden die Ausstellungsfl\u00e4chen pr\u00e4miert, die sich auf der Messe durch ihre Kreativit\u00e4t, ihr Design und Engagement f\u00fcr Nachhaltigkeit auszeichnen, und zwar in vier Kategorien: originellster Stand, bestes Design, nachhaltigster Stand und Publikumswahl. Die Einreichungsfrist l\u00e4uft bis zum 15. September.<\/p>\n\n\n\n<p>Dar\u00fcber hinaus f\u00f6rdert Fruit Attraction die Organic Hub Tour, eine speziell gekennzeichnete Route innerhalb der Messe, die biologisch zertifizierten Produkten mehr Sichtbarkeit verleiht. Unternehmen, die an einer Teilnahme an der Tour interessiert sind, m\u00fcssen bis zum 30. Juli ein kurzes Online-Formular ausf\u00fcllen und die entsprechenden Unterlagen beif\u00fcgen.<\/p>\n\n\n\n<p>Wie gewohnt, wird die Messe in den verschiedenen Foren wieder zu einem Wissenzentrum werden, das ein umfassendes Programm an technischen Sitzungen bietet, die sich durch die gro\u00dfe Vielfalt der Inhalte sowie das hohe Niveau der Teilnehmer und Redner auszeichnen. Anmeldeschluss f\u00fcr die Foren und den Innovation Hub ist der 27. August 2025. Quelle und Foto:Fruit Attraction<\/p>\n","protected":false},"excerpt":{"rendered":"<p>Drei Monate vor Startbeginn der Internationalen O+G-Fachmesse Fruit Attraction, die vom 30.9. &#8211; 2.10.25 in Madrid stattfindet, best\u00e4tigt<\/p>\n","protected":false},"author":1,"featured_media":3105,"comment_status":"closed","ping_status":"closed","sticky":false,"template":"","format":"standard","meta":{"footnotes":""},"categories":[34],"tags":[],"class_list":["post-3104","post","type-post","status-publish","format-standard","has-post-thumbnail","hentry","category-allgemein"],"featured_image_urls":{"full":["https:\/\/agronoticias.es\/de\/wp-content\/uploads\/2025\/06\/FA24-Feria-131.jpg",1200,800,false],"thumbnail":["https:\/\/agronoticias.es\/de\/wp-content\/uploads\/2025\/06\/FA24-Feria-131-150x150.jpg",150,150,true],"medium":["https:\/\/agronoticias.es\/de\/wp-content\/uploads\/2025\/06\/FA24-Feria-131-300x200.jpg",300,200,true],"medium_large":["https:\/\/agronoticias.es\/de\/wp-content\/uploads\/2025\/06\/FA24-Feria-131-768x512.jpg",640,427,true],"large":["https:\/\/agronoticias.es\/de\/wp-content\/uploads\/2025\/06\/FA24-Feria-131-1024x683.jpg",640,427,true],"1536x1536":["https:\/\/agronoticias.es\/de\/wp-content\/uploads\/2025\/06\/FA24-Feria-131.jpg",1200,800,false],"2048x2048":["https:\/\/agronoticias.es\/de\/wp-content\/uploads\/2025\/06\/FA24-Feria-131.jpg",1200,800,false],"morenews-large":["https:\/\/agronoticias.es\/de\/wp-content\/uploads\/2025\/06\/FA24-Feria-131-825x575.jpg",825,575,true],"morenews-medium":["https:\/\/agronoticias.es\/de\/wp-content\/uploads\/2025\/06\/FA24-Feria-131-590x410.jpg",590,410,true]},"author_info":{"display_name":"admin","author_link":"https:\/\/agronoticias.es\/de\/author\/admin\/"},"category_info":"<a href=\"https:\/\/agronoticias.es\/de\/category\/allgemein\/\" rel=\"category tag\">Allgemein<\/a>","tag_info":"Allgemein","comment_count":"0","_links":{"self":[{"href":"https:\/\/agronoticias.es\/de\/wp-json\/wp\/v2\/posts\/3104","targetHints":{"allow":["GET"]}}],"collection":[{"href":"https:\/\/agronoticias.es\/de\/wp-json\/wp\/v2\/posts"}],"about":[{"href":"https:\/\/agronoticias.es\/de\/wp-json\/wp\/v2\/types\/post"}],"author":[{"embeddable":true,"href":"https:\/\/agronoticias.es\/de\/wp-json\/wp\/v2\/users\/1"}],"replies":[{"embeddable":true,"href":"https:\/\/agronoticias.es\/de\/wp-json\/wp\/v2\/comments?post=3104"}],"version-history":[{"count":1,"href":"https:\/\/agronoticias.es\/de\/wp-json\/wp\/v2\/posts\/3104\/revisions"}],"predecessor-version":[{"id":3106,"href":"https:\/\/agronoticias.es\/de\/wp-json\/wp\/v2\/posts\/3104\/revisions\/3106"}],"wp:featuredmedia":[{"embeddable":true,"href":"https:\/\/agronoticias.es\/de\/wp-json\/wp\/v2\/media\/3105"}],"wp:attachment":[{"href":"https:\/\/agronoticias.es\/de\/wp-json\/wp\/v2\/media?parent=3104"}],"wp:term":[{"taxonomy":"category","embeddable":true,"href":"https:\/\/agronoticias.es\/de\/wp-json\/wp\/v2\/categories?post=3104"},{"taxonomy":"post_tag","embeddable":true,"href":"https:\/\/agronoticias.es\/de\/wp-json\/wp\/v2\/tags?post=3104"}],"curies":[{"name":"wp","href":"https:\/\/api.w.org\/{rel}","templated":true}]}}