{"id":3099,"date":"2025-06-18T10:22:30","date_gmt":"2025-06-18T08:22:30","guid":{"rendered":"https:\/\/agronoticias.es\/de\/?p=3099"},"modified":"2025-06-18T10:23:12","modified_gmt":"2025-06-18T08:23:12","slug":"valencia-green-fruits-coop-v-konsolidiert-sich-als-modell-fur-integration-und-interkooperation","status":"publish","type":"post","link":"https:\/\/agronoticias.es\/de\/valencia-green-fruits-coop-v-konsolidiert-sich-als-modell-fur-integration-und-interkooperation\/","title":{"rendered":"Valencia &#8211; Green Fruits Coop. V. konsolidiert sich als Modell f\u00fcr Integration und Interkooperation"},"content":{"rendered":"\n<p><\/p>\n\n\n\n<p>Green Fruits Coop.V., eines der Hauptmitglieder von Anecoop, veranstaltete Ende KW 24\/2025 in Oliva\/Valencia ihren ersten Kongress f\u00fcr Mitglieder und Arbeitnehmer unter dem Titel \u201eUnser Wert: Integration zur Konsolidierung der Zukunft\u201c. Es war eine interne Veranstaltung, die sich an Mitglieder von Green Fruits und diejenigen richtete, die in einer Zusammenarbeit mit der Genossenschaft 2. Grades stehen und durch Mitglieder ihrer Verwaltungsr\u00e4te vertreten waren. Ebenfalls anwesend waren Mitarbeiter von Green Fruits, Vertreter von Anecoop, externe Berater, Mitarbeiter, Partner und Sponsoren.<\/p>\n\n\n\n<p>Insgesamt 120 Fachleute nahmen an dieser Veranstaltung teil, bei der die St\u00e4rken und M\u00f6glichkeiten von Integration und Interkooperation zwischen den Genossenschaften am Beispiel von Green Fruits, sowie das Engagement f\u00fcr Innovation in Produktion, Technologie und Management diskutiert wurden, um sich weiter zu entwickeln und die zuk\u00fcnftigen Herausforderungen des Sektors, insbesondere im Land Valencia, zu bew\u00e4ltigen.<\/p>\n\n\n\n<p><strong>Green Fruits: Gr\u00f6\u00dfe als Erfolgsfaktor<\/strong><\/p>\n\n\n\n<p>Pascual Romero, Projektberater und einer der Wegbereiter f\u00fcr dessen Start vor sechs Jahren, berichtete ausf\u00fchrlich \u00fcber die Anf\u00e4nge von Green Fruits.<\/p>\n\n\n\n<p>Mit dieser klaren Projektgrundlage berichteten die Pr\u00e4sidenten der sechs Mitgliedsgenossenschaften am ersten Runden Tischgespr\u00e4ch \u201eAusgangspunkt und aktuelle Situation\u201c \u00fcber die besonderen Umst\u00e4nde jeder einzelnen Genossenschaft zum Zeitpunkt der Entscheidung, Green Fruits beizutreten. Unter der Moderation von Jos\u00e9 Balaguer, Leiter Abteilung f\u00fcr Genossenschaften und Au\u00dfenbeziehungen bei Anecoop, nahmen der Pr\u00e4sident von Novacitrus, Josep Vicent Salort, der Pr\u00e4sident von Coopcisa, Vicente Sendra, teil, sowie der Pr\u00e4sident von Coopego, Jos\u00e9 Pastor, der Pr\u00e4sident von COPAL, Vicente Bombo\u00ed, der Pr\u00e4sident von Alzicoop, Francisco Clar\u00ed und der Pr\u00e4sident von Soex2, Manuel Torres.<\/p>\n\n\n\n<p>Die verschiedenen Motivationen und Ausgangspunkte, die schlie\u00dflich zu einem gemeinsamen Projekt f\u00fchrten, standen im Mittelpunkt der Diskussion zwischen den Pr\u00e4sidenten der einzelnen Genossenschaften, ebenso wie die Gewissheit, dass jede Genossenschaft ihre Essens und Unabh\u00e4ngigkeit in allen Aspekten au\u00dferhalb des Managements von Produktion und Marketing, wie bspw. Mitgliederservice, beibeh\u00e4lt.<\/p>\n\n\n\n<p>\u201eInnovation in Produktion, Management und Technologie\u201c war der Titel des zweiten Runden Tisches, der vom stellvertretenden operativen Handelsdirektor von Anecoop, Agust\u00edn Planells, moderiert wurde. Als erster sprach Jos\u00e9 Pastor, Pr\u00e4sident von Coopego. Er erkl\u00e4rte das Projekt Fl\u00e4chenmanagement, an dem sich die Genossenschaft seit mehreren Jahren beteiligt, um Fl\u00e4chenaufgaben zu vermeiden. Er stellte einen interessanten Gedanken in den Raum, n\u00e4mlich dass man nicht die Kleinbauern (minifundios) f\u00fcr die Fl\u00e4chenprobleme in Valencia verantwortlich machen darf, sondern dass man kreativ sein muss und \u00fcberlegen sollte, welche Vorteile dieses Modell der Parzellenverteilung bieten kann, um die Produktivit\u00e4t der Kulturen zu steigern.<\/p>\n\n\n\n<p><a><\/a> Anschlie\u00dfend informierte \u00c1ngel del Pino, Direktor f\u00fcr Produktion und Innovation von Anecoop, \u00fcber die Forschungsprojekte, die die Genossenschaft 2. Grades in ihrer Versuchsstation in Museros entwickelt, insbesondere bei Citrus und Kakis, den beiden Hauptprodukten von Green Fruits. Victoria Ib\u00e1\u00f1ez, Leiterin f\u00fcr Pflanzenverbesserung bei Anecoop, stellte das Biotech-Labor der Abteilung Produktion und Innovation vor und die wissenschaftlichen Aktivit\u00e4ten, mit der Fortschritte bei der Verbesserung von Kulturpflanzen erzielt werden, sowie die Suche nach den Anforderungen des Marktes mithilfe der Biotechnologie. Abschliessend sprach David Ru\u00edz, Leiter Technologie-Service f\u00fcr Mitglieder, \u00fcber die von Anecoop gef\u00f6rderten Projekte im Zusammenhang mit dem Gesch\u00e4ftsmanagement in verschiedenen Bereichen, die alle auf die Mitglieder, die sie umsetzen wollen, ausgerichtet und an sie angepasst sind.<\/p>\n\n\n\n<p>Die Tagung wurde von Jaime Torres, Generaldirektor Green Fruits, und Miguel Abril, Handelsdirektor Anecoop, mit dem Thema \u201eSt\u00e4rken und Chancen der Integrations- und Kooperationsformeln\u201c beendet. Jaime Torres pr\u00e4sentierte \u00fcber die Gewinn- und Verlustrechnung der sechs Gesch\u00e4ftsjahre den Aufw\u00e4rtstrend der Genossenschaft und hob dabei das Management und die treibende Rolle der einzelnen Mitgliedsgenossenschaften hervor. Miguel Abril seinerseits gab den Teilnehmern einen \u00dcberblick \u00fcber die aktuelle Markt-, Vertriebs- und Verbrauchersituation und lieferte die Schl\u00fcssel f\u00fcr die weitere Arbeit mit dem Ziel, Green Fruits weiter auf dem Weg eines wettbewerbsf\u00e4higen Wachstums zu halten. Quelle und Foto: Anecoop<\/p>\n","protected":false},"excerpt":{"rendered":"<p>Green Fruits Coop.V., eines der Hauptmitglieder von Anecoop, veranstaltete Ende KW 24\/2025 in Oliva\/Valencia ihren ersten Kongress f\u00fcr<\/p>\n","protected":false},"author":1,"featured_media":3100,"comment_status":"closed","ping_status":"closed","sticky":false,"template":"","format":"standard","meta":{"footnotes":""},"categories":[34],"tags":[],"class_list":["post-3099","post","type-post","status-publish","format-standard","has-post-thumbnail","hentry","category-allgemein"],"featured_image_urls":{"full":["https:\/\/agronoticias.es\/de\/wp-content\/uploads\/2025\/06\/I-Convencion-Green-Fruits.-Intervinientes-jornada.jpg",800,472,false],"thumbnail":["https:\/\/agronoticias.es\/de\/wp-content\/uploads\/2025\/06\/I-Convencion-Green-Fruits.-Intervinientes-jornada-150x150.jpg",150,150,true],"medium":["https:\/\/agronoticias.es\/de\/wp-content\/uploads\/2025\/06\/I-Convencion-Green-Fruits.-Intervinientes-jornada-300x177.jpg",300,177,true],"medium_large":["https:\/\/agronoticias.es\/de\/wp-content\/uploads\/2025\/06\/I-Convencion-Green-Fruits.-Intervinientes-jornada-768x453.jpg",640,378,true],"large":["https:\/\/agronoticias.es\/de\/wp-content\/uploads\/2025\/06\/I-Convencion-Green-Fruits.-Intervinientes-jornada.jpg",640,378,false],"1536x1536":["https:\/\/agronoticias.es\/de\/wp-content\/uploads\/2025\/06\/I-Convencion-Green-Fruits.-Intervinientes-jornada.jpg",800,472,false],"2048x2048":["https:\/\/agronoticias.es\/de\/wp-content\/uploads\/2025\/06\/I-Convencion-Green-Fruits.-Intervinientes-jornada.jpg",800,472,false],"morenews-large":["https:\/\/agronoticias.es\/de\/wp-content\/uploads\/2025\/06\/I-Convencion-Green-Fruits.-Intervinientes-jornada.jpg",800,472,false],"morenews-medium":["https:\/\/agronoticias.es\/de\/wp-content\/uploads\/2025\/06\/I-Convencion-Green-Fruits.-Intervinientes-jornada-590x410.jpg",590,410,true]},"author_info":{"display_name":"admin","author_link":"https:\/\/agronoticias.es\/de\/author\/admin\/"},"category_info":"<a href=\"https:\/\/agronoticias.es\/de\/category\/allgemein\/\" rel=\"category tag\">Allgemein<\/a>","tag_info":"Allgemein","comment_count":"0","_links":{"self":[{"href":"https:\/\/agronoticias.es\/de\/wp-json\/wp\/v2\/posts\/3099","targetHints":{"allow":["GET"]}}],"collection":[{"href":"https:\/\/agronoticias.es\/de\/wp-json\/wp\/v2\/posts"}],"about":[{"href":"https:\/\/agronoticias.es\/de\/wp-json\/wp\/v2\/types\/post"}],"author":[{"embeddable":true,"href":"https:\/\/agronoticias.es\/de\/wp-json\/wp\/v2\/users\/1"}],"replies":[{"embeddable":true,"href":"https:\/\/agronoticias.es\/de\/wp-json\/wp\/v2\/comments?post=3099"}],"version-history":[{"count":2,"href":"https:\/\/agronoticias.es\/de\/wp-json\/wp\/v2\/posts\/3099\/revisions"}],"predecessor-version":[{"id":3102,"href":"https:\/\/agronoticias.es\/de\/wp-json\/wp\/v2\/posts\/3099\/revisions\/3102"}],"wp:featuredmedia":[{"embeddable":true,"href":"https:\/\/agronoticias.es\/de\/wp-json\/wp\/v2\/media\/3100"}],"wp:attachment":[{"href":"https:\/\/agronoticias.es\/de\/wp-json\/wp\/v2\/media?parent=3099"}],"wp:term":[{"taxonomy":"category","embeddable":true,"href":"https:\/\/agronoticias.es\/de\/wp-json\/wp\/v2\/categories?post=3099"},{"taxonomy":"post_tag","embeddable":true,"href":"https:\/\/agronoticias.es\/de\/wp-json\/wp\/v2\/tags?post=3099"}],"curies":[{"name":"wp","href":"https:\/\/api.w.org\/{rel}","templated":true}]}}