{"id":3088,"date":"2025-06-13T10:52:48","date_gmt":"2025-06-13T08:52:48","guid":{"rendered":"https:\/\/agronoticias.es\/de\/?p=3088"},"modified":"2025-06-13T10:52:48","modified_gmt":"2025-06-13T08:52:48","slug":"spanien-moyca-erweitert-traubenanbauflache","status":"publish","type":"post","link":"https:\/\/agronoticias.es\/de\/spanien-moyca-erweitert-traubenanbauflache\/","title":{"rendered":"Spanien &#8211; Moyca erweitert Traubenanbaufl\u00e4che"},"content":{"rendered":"\n<p><\/p>\n\n\n\n<p>Moyca, ein auf kernlose Tafeltrauben spezialisiertes Unternehmen, hat seine Anbaufl\u00e4che um 100 Hektar erweitert. Dadurch ist das Unternehmen in der Lage, seinen Sortenkatalog zu erweitern, der derzeit 57 Traubentypen umfasst. Sie werden in Murcia, dem wichtigsten spanischen Traubenanbaugebiet, produziert, aber auch in Alicante, Almer\u00eda, Granada und Badajoz.<\/p>\n\n\n\n<p>Die Erweiterung der Anbaufl\u00e4che, die sich damit auf 2.300 ha bel\u00e4uft, f\u00e4llt mit dem Beginn der Traubenkampagne 2025 zusammen, in der Moyca aufgrund der guten Wetterbedingungen in diesem Fr\u00fchjahr, vor allem der Regenf\u00e4lle, die einen sehr kr\u00e4ftigen Austrieb der Reben erm\u00f6glicht haben, mit gro\u00dfen Traubenmengen ohne Verluste rechnet. Die milden Temperaturen haben f\u00fcr eine ad\u00e4quate Bl\u00fcte und einen guten Fruchtansatz gesorgt, was die guten Prognosen des Unternehmens best\u00e4tigt.<\/p>\n\n\n\n<p>Die gesamte Produktion wird f\u00fcr die Regale in verschiedenen Teilen der Welt bestimmt sein. Durch die Exportkapazit\u00e4t von Moyca sind seine Produkte auf allen Kontinenten zu finden, wobei Europa und innerhalb dieses Kontinents das Vereinigte K\u00f6nigreich das Hauptziel sind. Daneben werden auch M\u00e4rkte in Amerika, Afrika , USA, Kanada, Dubai, S\u00fcdafrika, Hongkong und Malaysia, beliefert . Die Qualit\u00e4t dieser Frucht wird nicht nur durch das Interesse all dieser L\u00e4nder best\u00e4tigt, sondern auch durch die strenge \u00dcberwachung aller wichtigen internationalen Protokolle und Zertifizierungen garantiert. Quelle und Foto: Moyca<\/p>\n\n\n\n<p><\/p>\n","protected":false},"excerpt":{"rendered":"<p>Moyca, ein auf kernlose Tafeltrauben spezialisiertes Unternehmen, hat seine Anbaufl\u00e4che um 100 Hektar erweitert. Dadurch ist das Unternehmen<\/p>\n","protected":false},"author":1,"featured_media":3089,"comment_status":"closed","ping_status":"closed","sticky":false,"template":"","format":"standard","meta":{"footnotes":""},"categories":[34],"tags":[],"class_list":["post-3088","post","type-post","status-publish","format-standard","has-post-thumbnail","hentry","category-allgemein"],"featured_image_urls":{"full":["https:\/\/agronoticias.es\/de\/wp-content\/uploads\/2025\/06\/moyca.jpg",800,450,false],"thumbnail":["https:\/\/agronoticias.es\/de\/wp-content\/uploads\/2025\/06\/moyca-150x150.jpg",150,150,true],"medium":["https:\/\/agronoticias.es\/de\/wp-content\/uploads\/2025\/06\/moyca-300x169.jpg",300,169,true],"medium_large":["https:\/\/agronoticias.es\/de\/wp-content\/uploads\/2025\/06\/moyca-768x432.jpg",640,360,true],"large":["https:\/\/agronoticias.es\/de\/wp-content\/uploads\/2025\/06\/moyca.jpg",640,360,false],"1536x1536":["https:\/\/agronoticias.es\/de\/wp-content\/uploads\/2025\/06\/moyca.jpg",800,450,false],"2048x2048":["https:\/\/agronoticias.es\/de\/wp-content\/uploads\/2025\/06\/moyca.jpg",800,450,false],"morenews-large":["https:\/\/agronoticias.es\/de\/wp-content\/uploads\/2025\/06\/moyca.jpg",800,450,false],"morenews-medium":["https:\/\/agronoticias.es\/de\/wp-content\/uploads\/2025\/06\/moyca-590x410.jpg",590,410,true]},"author_info":{"display_name":"admin","author_link":"https:\/\/agronoticias.es\/de\/author\/admin\/"},"category_info":"<a href=\"https:\/\/agronoticias.es\/de\/category\/allgemein\/\" rel=\"category tag\">Allgemein<\/a>","tag_info":"Allgemein","comment_count":"0","_links":{"self":[{"href":"https:\/\/agronoticias.es\/de\/wp-json\/wp\/v2\/posts\/3088","targetHints":{"allow":["GET"]}}],"collection":[{"href":"https:\/\/agronoticias.es\/de\/wp-json\/wp\/v2\/posts"}],"about":[{"href":"https:\/\/agronoticias.es\/de\/wp-json\/wp\/v2\/types\/post"}],"author":[{"embeddable":true,"href":"https:\/\/agronoticias.es\/de\/wp-json\/wp\/v2\/users\/1"}],"replies":[{"embeddable":true,"href":"https:\/\/agronoticias.es\/de\/wp-json\/wp\/v2\/comments?post=3088"}],"version-history":[{"count":1,"href":"https:\/\/agronoticias.es\/de\/wp-json\/wp\/v2\/posts\/3088\/revisions"}],"predecessor-version":[{"id":3090,"href":"https:\/\/agronoticias.es\/de\/wp-json\/wp\/v2\/posts\/3088\/revisions\/3090"}],"wp:featuredmedia":[{"embeddable":true,"href":"https:\/\/agronoticias.es\/de\/wp-json\/wp\/v2\/media\/3089"}],"wp:attachment":[{"href":"https:\/\/agronoticias.es\/de\/wp-json\/wp\/v2\/media?parent=3088"}],"wp:term":[{"taxonomy":"category","embeddable":true,"href":"https:\/\/agronoticias.es\/de\/wp-json\/wp\/v2\/categories?post=3088"},{"taxonomy":"post_tag","embeddable":true,"href":"https:\/\/agronoticias.es\/de\/wp-json\/wp\/v2\/tags?post=3088"}],"curies":[{"name":"wp","href":"https:\/\/api.w.org\/{rel}","templated":true}]}}