{"id":3084,"date":"2025-06-11T16:22:07","date_gmt":"2025-06-11T14:22:07","guid":{"rendered":"https:\/\/agronoticias.es\/de\/?p=3084"},"modified":"2025-06-11T16:22:07","modified_gmt":"2025-06-11T14:22:07","slug":"spanien-traubensaison-startet-in-der-ersten-juliwoche","status":"publish","type":"post","link":"https:\/\/agronoticias.es\/de\/spanien-traubensaison-startet-in-der-ersten-juliwoche\/","title":{"rendered":"Spanien: Traubensaison startet in der ersten Juliwoche"},"content":{"rendered":"\n<p><br>Die Traubensaison in Spanien wird um den 5. Juli in Murcia beginnen. Sch\u00e4tzungen gehen von einer normalen nationalen Produktion von rund 320.000 t aus. Diese Daten pr\u00e4sentierte FEPEX im Rahmen des Zusammentreffens der Kontaktgruppe f\u00fcr Tafeltrauben, zu der Frankreich, Italien, Spanien und Portugal geh\u00f6ren, und das Anfang Juni in Ferreria do Alentejo, Beja\/Portugal stattgefunden hat.<br>\u201eDie ersten Mengen der neuen spanischen Traubensaison werden zehn Tage sp\u00e4ter als im vergangenen Jahr von der K\u00fcste Murcias kommen. Bis jetzt gab es keine Frost- oder Hagelsch\u00e4den, da der Gro\u00dfteil der Produktion mit Hagelschutznetzen ausgestattet ist\u201c, informierte Joaqu\u00edn G\u00f3mez, Pr\u00e4sident von APOEXPA (Verband der Erzeuger und Exporteure von Obst, Tafeltrauben und anderen landwirtschaftlichen Produkten von Murcia), der im Namen von FEPEX zusammen mit Technikern des Verbandes an dem Treffen teilnahm.Weiter f\u00fchrte er aus, dass die fr\u00fchen Sorten einen guten Fruchtansatz hatten und in Murcia und in Spanien allgemein eine normale Ernte erwartet wird, wobei die nationale Produktion auf 320.000 Tonnen gesch\u00e4tzt wird.<br>Die Kontaktgruppe stellte fest, dass eines der Hauptprobleme der EU-Produktion der Mangel an Pflanzenschutzmitteln und aktiven Materien ist, der eine angemessene Sch\u00e4dlingsbek\u00e4mpfung behindert. Es wurde vereinbart, die gemeinsam durchgef\u00fchrte Studie fortzusetzen, um festzustellen, welche Wirkstoffe in den einzelnen L\u00e4ndern verwendet werden und welche unbedingt beibehalten werden m\u00fcssen. Die Studie wurde bereits von den franz\u00f6sischen und spanischen Erzeugern begonnen.<br>Bei dem Treffen wurde auch vereinbart, dass die n\u00e4chste Sitzung der Kontaktgruppe im September 2026 stattfinden soll, zeitgleich mit dem Tafeltraubensymposium, das von APOEXPA organisiert wird. Diese internationale Veranstaltung findet alle drei Jahre statt und bringt Tafeltraubenproduktion, Forschung und Industrie aus der ganzen Welt zusammen, um Aspekte wie M\u00e4rkte, Zukunftsaussichten und Verbraucherpr\u00e4ferenzen zu analysieren.<br>Spanien ist einer der Hauptproduzenten von Tafeltrauben in der EU, und liegt hinter Italien mit einer gesch\u00e4tzten Produktion von einer Million Tonnen auf dem zweiten Platz, gefolgt von Griechenland mit 273.000 t und Frankreich 47.000 t (Daten 2024). Der Export erreichte in 2024 ein Volumen von 167.245 t im Wert von 448 Mio Euro. Hauptanbaugebiete sind Murcia, Valencia, Katalonien und Andalusien. Apoexpa<\/p>\n","protected":false},"excerpt":{"rendered":"<p>Die Traubensaison in Spanien wird um den 5. Juli in Murcia beginnen. Sch\u00e4tzungen gehen von einer normalen nationalen<\/p>\n","protected":false},"author":1,"featured_media":3085,"comment_status":"closed","ping_status":"closed","sticky":false,"template":"","format":"standard","meta":{"footnotes":""},"categories":[34],"tags":[],"class_list":["post-3084","post","type-post","status-publish","format-standard","has-post-thumbnail","hentry","category-allgemein"],"featured_image_urls":{"full":["https:\/\/agronoticias.es\/de\/wp-content\/uploads\/2025\/06\/uvas.jpg",2276,1405,false],"thumbnail":["https:\/\/agronoticias.es\/de\/wp-content\/uploads\/2025\/06\/uvas-150x150.jpg",150,150,true],"medium":["https:\/\/agronoticias.es\/de\/wp-content\/uploads\/2025\/06\/uvas-300x185.jpg",300,185,true],"medium_large":["https:\/\/agronoticias.es\/de\/wp-content\/uploads\/2025\/06\/uvas-768x474.jpg",640,395,true],"large":["https:\/\/agronoticias.es\/de\/wp-content\/uploads\/2025\/06\/uvas-1024x632.jpg",640,395,true],"1536x1536":["https:\/\/agronoticias.es\/de\/wp-content\/uploads\/2025\/06\/uvas-1536x948.jpg",1536,948,true],"2048x2048":["https:\/\/agronoticias.es\/de\/wp-content\/uploads\/2025\/06\/uvas-2048x1264.jpg",2048,1264,true],"morenews-large":["https:\/\/agronoticias.es\/de\/wp-content\/uploads\/2025\/06\/uvas-825x575.jpg",825,575,true],"morenews-medium":["https:\/\/agronoticias.es\/de\/wp-content\/uploads\/2025\/06\/uvas-590x410.jpg",590,410,true]},"author_info":{"display_name":"admin","author_link":"https:\/\/agronoticias.es\/de\/author\/admin\/"},"category_info":"<a href=\"https:\/\/agronoticias.es\/de\/category\/allgemein\/\" rel=\"category tag\">Allgemein<\/a>","tag_info":"Allgemein","comment_count":"0","_links":{"self":[{"href":"https:\/\/agronoticias.es\/de\/wp-json\/wp\/v2\/posts\/3084","targetHints":{"allow":["GET"]}}],"collection":[{"href":"https:\/\/agronoticias.es\/de\/wp-json\/wp\/v2\/posts"}],"about":[{"href":"https:\/\/agronoticias.es\/de\/wp-json\/wp\/v2\/types\/post"}],"author":[{"embeddable":true,"href":"https:\/\/agronoticias.es\/de\/wp-json\/wp\/v2\/users\/1"}],"replies":[{"embeddable":true,"href":"https:\/\/agronoticias.es\/de\/wp-json\/wp\/v2\/comments?post=3084"}],"version-history":[{"count":1,"href":"https:\/\/agronoticias.es\/de\/wp-json\/wp\/v2\/posts\/3084\/revisions"}],"predecessor-version":[{"id":3086,"href":"https:\/\/agronoticias.es\/de\/wp-json\/wp\/v2\/posts\/3084\/revisions\/3086"}],"wp:featuredmedia":[{"embeddable":true,"href":"https:\/\/agronoticias.es\/de\/wp-json\/wp\/v2\/media\/3085"}],"wp:attachment":[{"href":"https:\/\/agronoticias.es\/de\/wp-json\/wp\/v2\/media?parent=3084"}],"wp:term":[{"taxonomy":"category","embeddable":true,"href":"https:\/\/agronoticias.es\/de\/wp-json\/wp\/v2\/categories?post=3084"},{"taxonomy":"post_tag","embeddable":true,"href":"https:\/\/agronoticias.es\/de\/wp-json\/wp\/v2\/tags?post=3084"}],"curies":[{"name":"wp","href":"https:\/\/api.w.org\/{rel}","templated":true}]}}