{"id":3074,"date":"2025-06-02T16:28:08","date_gmt":"2025-06-02T14:28:08","guid":{"rendered":"https:\/\/agronoticias.es\/de\/?p=3074"},"modified":"2025-06-02T16:28:09","modified_gmt":"2025-06-02T14:28:09","slug":"spanien-erwartet-in-2025-eine-produktion-von-128-000-tonnen-mandelkerne","status":"publish","type":"post","link":"https:\/\/agronoticias.es\/de\/spanien-erwartet-in-2025-eine-produktion-von-128-000-tonnen-mandelkerne\/","title":{"rendered":"Spanien erwartet in 2025 eine Produktion von 128.000 Tonnen Mandelkerne"},"content":{"rendered":"\n<p> <\/p>\n\n\n\n<p>Nach Sch\u00e4tzung der Agrarorganisationen ASAJA, COAG, UPA, Cooperativas Agro-alimentarias de Espa\u00f1a und AEOFRUSE wird die spanische Produktion von Mandelkernen in der Saison 2025 127.639 Tonnen erreichen, 5 % mehr als in der vergangenen Kampagne und 34 % mehr als im Durchschnitt der letzten vier Jahre.<\/p>\n\n\n\n<p>In dieser Saison betr\u00e4gt die produktive Anbaufl\u00e4che 609.514 ha. Das ist im Vergleich zum vergangenen Jahr ein Wachstum von \u00fcber 10 % und mehr als 56.000 zus\u00e4tzliche ha in Produktion, sowohl bew\u00e4ssert als auch unbew\u00e4ssert in den verschiedenen Gebieten mit besonderer prozentualer Bedeutung in Murcia, Valencia und Castilla-La Mancha.<\/p>\n\n\n\n<p>Dieser Produktionsstart von Neuanpflanzungen hat es erm\u00f6glicht, die aufgetretenen Produktionsschwierigkeiten zu kompensieren. Obwohl die Niederschl\u00e4ge dazu beigetragen haben, die ernsten Probleme in vielen unbew\u00e4sserten Gebieten (secano) zu erleichtern und die Wasserverh\u00e4ltnisse im Boden zu verbessern, haben \u00a0sie jedoch Probleme bei der Best\u00e4ubung und dem Fruchtansatz verursacht, was die Ertr\u00e4ge verringert hat. Auch gab es in mehreren Anbaugebieten Hagelsch\u00e4den, wobei gro\u00dfe Fl\u00e4chen in unterschiedlichem Ausma\u00df betroffen wurden. Auch Sch\u00e4dlinge wie die Mandelsamenwespe (avispilla) haben in zahlreichen Anbaugebieten Verluste verursacht. Die Anbaufl\u00e4che f\u00fcr den biologischen Anbau betr\u00e4gt mehr als 156.000 ha. Das entspricht 26 % der Gesamtfl\u00e4che und sind 18.600 ha mehr als in der vergangenen Kampagne. Quelle: Cooperativas agro-alimentarias<\/p>\n\n\n\n<p><\/p>\n","protected":false},"excerpt":{"rendered":"<p>Nach Sch\u00e4tzung der Agrarorganisationen ASAJA, COAG, UPA, Cooperativas Agro-alimentarias de Espa\u00f1a und AEOFRUSE wird die spanische Produktion von<\/p>\n","protected":false},"author":1,"featured_media":2266,"comment_status":"closed","ping_status":"closed","sticky":false,"template":"","format":"standard","meta":{"footnotes":""},"categories":[34],"tags":[],"class_list":["post-3074","post","type-post","status-publish","format-standard","has-post-thumbnail","hentry","category-allgemein"],"featured_image_urls":{"full":["https:\/\/agronoticias.es\/de\/wp-content\/uploads\/2024\/05\/La-Unio-almendras.jpg",1920,1080,false],"thumbnail":["https:\/\/agronoticias.es\/de\/wp-content\/uploads\/2024\/05\/La-Unio-almendras-150x150.jpg",150,150,true],"medium":["https:\/\/agronoticias.es\/de\/wp-content\/uploads\/2024\/05\/La-Unio-almendras-300x169.jpg",300,169,true],"medium_large":["https:\/\/agronoticias.es\/de\/wp-content\/uploads\/2024\/05\/La-Unio-almendras-768x432.jpg",640,360,true],"large":["https:\/\/agronoticias.es\/de\/wp-content\/uploads\/2024\/05\/La-Unio-almendras-1024x576.jpg",640,360,true],"1536x1536":["https:\/\/agronoticias.es\/de\/wp-content\/uploads\/2024\/05\/La-Unio-almendras-1536x864.jpg",1536,864,true],"2048x2048":["https:\/\/agronoticias.es\/de\/wp-content\/uploads\/2024\/05\/La-Unio-almendras.jpg",1920,1080,false],"morenews-large":["https:\/\/agronoticias.es\/de\/wp-content\/uploads\/2024\/05\/La-Unio-almendras-825x575.jpg",825,575,true],"morenews-medium":["https:\/\/agronoticias.es\/de\/wp-content\/uploads\/2024\/05\/La-Unio-almendras-590x410.jpg",590,410,true]},"author_info":{"display_name":"admin","author_link":"https:\/\/agronoticias.es\/de\/author\/admin\/"},"category_info":"<a href=\"https:\/\/agronoticias.es\/de\/category\/allgemein\/\" rel=\"category tag\">Allgemein<\/a>","tag_info":"Allgemein","comment_count":"0","_links":{"self":[{"href":"https:\/\/agronoticias.es\/de\/wp-json\/wp\/v2\/posts\/3074","targetHints":{"allow":["GET"]}}],"collection":[{"href":"https:\/\/agronoticias.es\/de\/wp-json\/wp\/v2\/posts"}],"about":[{"href":"https:\/\/agronoticias.es\/de\/wp-json\/wp\/v2\/types\/post"}],"author":[{"embeddable":true,"href":"https:\/\/agronoticias.es\/de\/wp-json\/wp\/v2\/users\/1"}],"replies":[{"embeddable":true,"href":"https:\/\/agronoticias.es\/de\/wp-json\/wp\/v2\/comments?post=3074"}],"version-history":[{"count":1,"href":"https:\/\/agronoticias.es\/de\/wp-json\/wp\/v2\/posts\/3074\/revisions"}],"predecessor-version":[{"id":3075,"href":"https:\/\/agronoticias.es\/de\/wp-json\/wp\/v2\/posts\/3074\/revisions\/3075"}],"wp:featuredmedia":[{"embeddable":true,"href":"https:\/\/agronoticias.es\/de\/wp-json\/wp\/v2\/media\/2266"}],"wp:attachment":[{"href":"https:\/\/agronoticias.es\/de\/wp-json\/wp\/v2\/media?parent=3074"}],"wp:term":[{"taxonomy":"category","embeddable":true,"href":"https:\/\/agronoticias.es\/de\/wp-json\/wp\/v2\/categories?post=3074"},{"taxonomy":"post_tag","embeddable":true,"href":"https:\/\/agronoticias.es\/de\/wp-json\/wp\/v2\/tags?post=3074"}],"curies":[{"name":"wp","href":"https:\/\/api.w.org\/{rel}","templated":true}]}}