{"id":3071,"date":"2025-05-28T13:13:06","date_gmt":"2025-05-28T11:13:06","guid":{"rendered":"https:\/\/agronoticias.es\/de\/?p=3071"},"modified":"2025-05-28T13:13:06","modified_gmt":"2025-05-28T11:13:06","slug":"extremadura-start-der-zertifizierung-der-dop-cerezas-del-jerte","status":"publish","type":"post","link":"https:\/\/agronoticias.es\/de\/extremadura-start-der-zertifizierung-der-dop-cerezas-del-jerte\/","title":{"rendered":"Extremadura \u2013 Start der Zertifizierung der DOP Cerezas del Jerte"},"content":{"rendered":"\n<p>Der Kontrollrat der DOP Cerezas del Jerte (gesch\u00fctzte Ursprungsbezeichnung) hat mit der Zertifizierung der ersten Kirschen der Saison begonnen, die ihre maximale Qualit\u00e4t gew\u00e4hrleisten. Die Saison 2025 der DOP Cereza del Jerte wird durch die Zertifizierung von drei neuen Kirschsorten gepr\u00e4gt sein: Van, Lapins und Burlat. Sie kommen zur Sorte Navalinda hinzu, die bereits seit 30 Jahren mit der g.U. vermarktet wird. Die Erh\u00f6hung der Zahl der zertifizierten Sorten ist auf die \u00c4nderung der Spezifikationen der g.U. zur\u00fcckzuf\u00fchren, die es erm\u00f6glicht, mehr Qualit\u00e4tsprodukte auf den Markt zu bringen.<\/p>\n\n\n\n<p>In diesem Sinne erkl\u00e4rte der Pr\u00e4sident des Kontrollrat, Jos\u00e9 Antonio Tierno: \u201eMit dieser neuen Zertifizierung verf\u00fcgt die g.U. im Vergleich zum Vorjahr \u00fcber etwa 6,5 Mio Kilo mehr Kirschen. In dieser Saison erwarten wir sieben Mio kg Kirschen und rund 3 Mio kg Picotas mit diesem G\u00fctesiegel.<\/p>\n\n\n\n<p>Zurzeit hat die Kampagne etwa zwei Wochen Versp\u00e4tung, was nach Angaben des Kontrollrats auf die ausgedehnte Regenperiode in den ersten Fr\u00fchlingsmonaten zur\u00fcckzuf\u00fchren ist. \u201eAbgesehen von den Niederschl\u00e4gen gab es jedoch keine schwerwiegenden Wetterprobleme. Wir erwarten eine gute Saison sowohl in Bezug auf die Menge als auch auf die Qualit\u00e4t, sofern das Wetter mitspielt\u201c, f\u00fcgte Tierno hinzu.<\/p>\n\n\n\n<p>Die ersten zertifizierten Kirschen geh\u00f6ren zur Sorte Burlat, der fr\u00fchesten im Jerte-Tal. Mit Kalibern von 22 bis 28 mm wird ihre Ernte bis Ende Mai oder Anfang Juni laufen. Danach wird die Sorte Navalinda zertifiziert, gefolgt von der Van, den Picotas und schlie\u00dflich der Sorte Lapins, der sp\u00e4testen und produktivsten Kirschsorte. Sie wird bis Anfang August geerntet und macht 30 % bis 40 % der Gesamtproduktion aus.<\/p>\n\n\n\n<p>Die Eingliederung der neuen Sorten erm\u00f6glicht es, w\u00e4hrend der gesamten Erntesaison im Jerte-Tal zertifizierte Produkte auf dem Markt zu bringen. \u201eDie g.U. sieht der Kampagne mit gro\u00dfer Erwartung und Freude entgegen\u201c, so der Pr\u00e4sident , \u201eDie neuen Sorten werden sich positiv auswirken. Durch sie werden wir mehr Produkte \u00fcber einen l\u00e4ngeren Zeitraum auf dem Markt haben, was f\u00fcr die Ursprungsbezeichnung eine gro\u00dfe Visibilit\u00e4t bedeutet.\u201c<\/p>\n\n\n\n<p>Die DOP Cereza del Jerte hat die Aufnahme dieser neuen Sorten beantragt, um den Produktionsr\u00fcckgang der letzten Jahre aufzufangen. In den vergangenen 30 Jahren haben sich der Klimawandel und die nat\u00fcrliche Entwicklung der Kulturen auf die Sorten ausgewirkt, was zu einer fr\u00fchen und unregelm\u00e4\u00dfigen Bl\u00fcte und eine k\u00fcrzere Reifephase der Fr\u00fcchte gef\u00fchrt hat. Angesichts dieser Herausforderungen wird die Einf\u00fchrung der Sorten Van, Lapins und Burlat es erm\u00f6glichen, die Produktion zu vervollst\u00e4ndigen.<\/p>\n\n\n\n<p>In diesem Jahr werden zum ersten Mal Kirschen und Picotas mit der DOP Cereza del Jerte bis zum Ende der Saison auf den M\u00e4rkten und in den Obstfachgesch\u00e4ften zusammen angeboten. Die Zertifizierung der Picotas wird voraussichtlich Mitte Juni beginnen. Quelle und Foto &#8211; dop cereza jerte<\/p>\n\n\n\n<p><\/p>\n","protected":false},"excerpt":{"rendered":"<p>Der Kontrollrat der DOP Cerezas del Jerte (gesch\u00fctzte Ursprungsbezeichnung) hat mit der Zertifizierung der ersten Kirschen der Saison<\/p>\n","protected":false},"author":1,"featured_media":3072,"comment_status":"closed","ping_status":"closed","sticky":false,"template":"","format":"standard","meta":{"footnotes":""},"categories":[34],"tags":[],"class_list":["post-3071","post","type-post","status-publish","format-standard","has-post-thumbnail","hentry","category-allgemein"],"featured_image_urls":{"full":["https:\/\/agronoticias.es\/de\/wp-content\/uploads\/2025\/05\/cereza-jerte.jpg",789,717,false],"thumbnail":["https:\/\/agronoticias.es\/de\/wp-content\/uploads\/2025\/05\/cereza-jerte-150x150.jpg",150,150,true],"medium":["https:\/\/agronoticias.es\/de\/wp-content\/uploads\/2025\/05\/cereza-jerte-300x273.jpg",300,273,true],"medium_large":["https:\/\/agronoticias.es\/de\/wp-content\/uploads\/2025\/05\/cereza-jerte-768x698.jpg",640,582,true],"large":["https:\/\/agronoticias.es\/de\/wp-content\/uploads\/2025\/05\/cereza-jerte.jpg",640,582,false],"1536x1536":["https:\/\/agronoticias.es\/de\/wp-content\/uploads\/2025\/05\/cereza-jerte.jpg",789,717,false],"2048x2048":["https:\/\/agronoticias.es\/de\/wp-content\/uploads\/2025\/05\/cereza-jerte.jpg",789,717,false],"morenews-large":["https:\/\/agronoticias.es\/de\/wp-content\/uploads\/2025\/05\/cereza-jerte-789x575.jpg",789,575,true],"morenews-medium":["https:\/\/agronoticias.es\/de\/wp-content\/uploads\/2025\/05\/cereza-jerte-590x410.jpg",590,410,true]},"author_info":{"display_name":"admin","author_link":"https:\/\/agronoticias.es\/de\/author\/admin\/"},"category_info":"<a href=\"https:\/\/agronoticias.es\/de\/category\/allgemein\/\" rel=\"category tag\">Allgemein<\/a>","tag_info":"Allgemein","comment_count":"0","_links":{"self":[{"href":"https:\/\/agronoticias.es\/de\/wp-json\/wp\/v2\/posts\/3071","targetHints":{"allow":["GET"]}}],"collection":[{"href":"https:\/\/agronoticias.es\/de\/wp-json\/wp\/v2\/posts"}],"about":[{"href":"https:\/\/agronoticias.es\/de\/wp-json\/wp\/v2\/types\/post"}],"author":[{"embeddable":true,"href":"https:\/\/agronoticias.es\/de\/wp-json\/wp\/v2\/users\/1"}],"replies":[{"embeddable":true,"href":"https:\/\/agronoticias.es\/de\/wp-json\/wp\/v2\/comments?post=3071"}],"version-history":[{"count":1,"href":"https:\/\/agronoticias.es\/de\/wp-json\/wp\/v2\/posts\/3071\/revisions"}],"predecessor-version":[{"id":3073,"href":"https:\/\/agronoticias.es\/de\/wp-json\/wp\/v2\/posts\/3071\/revisions\/3073"}],"wp:featuredmedia":[{"embeddable":true,"href":"https:\/\/agronoticias.es\/de\/wp-json\/wp\/v2\/media\/3072"}],"wp:attachment":[{"href":"https:\/\/agronoticias.es\/de\/wp-json\/wp\/v2\/media?parent=3071"}],"wp:term":[{"taxonomy":"category","embeddable":true,"href":"https:\/\/agronoticias.es\/de\/wp-json\/wp\/v2\/categories?post=3071"},{"taxonomy":"post_tag","embeddable":true,"href":"https:\/\/agronoticias.es\/de\/wp-json\/wp\/v2\/tags?post=3071"}],"curies":[{"name":"wp","href":"https:\/\/api.w.org\/{rel}","templated":true}]}}