{"id":3065,"date":"2025-05-27T12:07:56","date_gmt":"2025-05-27T10:07:56","guid":{"rendered":"https:\/\/agronoticias.es\/de\/?p=3065"},"modified":"2025-05-27T12:07:56","modified_gmt":"2025-05-27T10:07:56","slug":"spanien-aragon-erwartet-eine-um-35-prozent-grossere-obstproduktion","status":"publish","type":"post","link":"https:\/\/agronoticias.es\/de\/spanien-aragon-erwartet-eine-um-35-prozent-grossere-obstproduktion\/","title":{"rendered":"Spanien \u2013 Arag\u00f3n erwartet eine um 3,5 Prozent gr\u00f6ssere Obstproduktion"},"content":{"rendered":"\n<p> <\/p>\n\n\n\n<p>W\u00e4hrend in Arag\u00f3n die Kirsch- und Aprikosenernte bereits im Gange ist, bereiten sich die Obstbauern &nbsp;&nbsp;auf den bevorstehenden Saisonbeginn der weiteren Obstsorten vor.<\/p>\n\n\n\n<p>Nach Information der Agrarorganisation UAGA&nbsp; (Arag\u00f3n) hat die Obstsaison In diesem Jahr etwa 10 bis 15 Tage sp\u00e4ter als in den Vorjahren begonnen, da die Temperaturen nicht sehr hoch waren und es in diesem Fr\u00fchjahr sehr viel geregnet hat. Das hat zu zahlreichen lokalen Unwettern in der gesamten Region und in einigen F\u00e4llen zu Hagel gef\u00fchrt. UAGA: \u201eIm Moment scheinen die Unwetter keine gro\u00dfen Sch\u00e4den an den Kulturen verursacht zu haben, aber sie werden die Produktionskosten erh\u00f6hen, da mehr Arbeitskr\u00e4fte eingestellt werden m\u00fcssen, um eine bessere Selektion der Fr\u00fcchte bei der Ausd\u00fcnnung zu treffen.\u201c<\/p>\n\n\n\n<p>In Arag\u00f3n liegt die Anbaufl\u00e4che f\u00fcr Obstkullturen (Aprikosen, Kirschen, Pflaumen, Pfirsiche, Nektarinenn, Birne und \u00c4pfel) nach Daten der GAP 2024 bei 35.741,14 &nbsp;ha, verteilt auf die Gebiete Valdejal\u00f3n, Bajo Cinca, Calatayud, Aranda, Caspe-Bajo Arag\u00f3n, Matarra\u00f1a und La Litera. Analysiert man die in den vergangenen sechs Jahren deklarierten Hektar stellt man fest, dass die Obstanbaufl\u00e4che in Arag\u00f3n um 7,19 % zur\u00fcckgegangen ist, ausgenommen Nektarinen, deren Fl\u00e4che in den vergangenen vier Jahren um 10 % gewachsen ist.<\/p>\n\n\n\n<p>UAGA sch\u00e4tzt, dass die Stein- und Kernobstproduktion in der Saison 2025 bei 630.000 t liegen wird, rund 3,5 % mehr als in der vergangenen Kampagne. Damit ist das Niveau von 2023 wieder erreicht. Erwartet wird eine gute Qualit\u00e4t sowie gute Kaliber und faire Preise. In Bezug auf&nbsp; Steinobst ist Arag\u00f3n das zweitgr\u00f6sste spanische Anbaugebiet. Im Durchschnitt der letzten f\u00fcnf Jahre ist es mit &nbsp;400.000 t allerdings gr\u00f6sster spanischer Produzent in diesem Bereich.<\/p>\n\n\n\n<p>Erntesch\u00e4tzung nach Produkten:<\/p>\n\n\n\n<p>31.000 t Kirschen \u2013 In diesem Jahr gab es keinen guten Fruchtansatz bei den fr\u00fchen Sorten, so dass die gesch\u00e4tzten Mengen um rund 9 % kleiner ausfallen als in der vergangenen Saison. Auch bei den mittel- und sp\u00e4tfallenden Sorten gibt es eine reduzierte Produktion.<\/p>\n\n\n\n<p>400.000 t Pfirsiche und Nektarinen \u2013 hier wird mit einer gr\u00f6sseren Ernte gerechnet als im vergangenen Jahr. Bei den roten Sorten, die sich derzeit im Prozess der Ausd\u00fcnnung befinden, ist der Fruchtansatz nicht so hoch wie in 2024. Im Gegensatz dazu zeigen Paraguayos und gelbe Pfirsiche einen hohen Behang, was viel Ausd\u00fcnnungsarbeit erfordert.<\/p>\n\n\n\n<p>27.000 t Aprikosen und 49.000 t Pflaumen \u2013 Auch hier gibt es durch den schlechten Fruchtansatz eine kleinere Produktion, besonders bei den fr\u00fchnen Sorten. Es ist jedoch kein R\u00fcckgang der endg\u00fcltig erwarteten Menge zu erwarten, da junge Fincas in Produktion gegangen sind und die Produktion voraussichtlich ausgeglichen sein und sogar etwas gr\u00f6\u00dfer ausfallen wird als die von 2024. 60.000 t \u00c4pfel und 60.000 t Birnen \u2013 Die Bl\u00fcte und der Fruchtansatz sind gut gelaufen. Bleibt abzuwarten, wie sich die Kulturen weiter entwickeln. Im Prinzip wird mit einer vollen Ernte gerechnet. Quelle: UAGA<\/p>\n\n\n\n<p><\/p>\n","protected":false},"excerpt":{"rendered":"<p>W\u00e4hrend in Arag\u00f3n die Kirsch- und Aprikosenernte bereits im Gange ist, bereiten sich die Obstbauern &nbsp;&nbsp;auf den bevorstehenden<\/p>\n","protected":false},"author":1,"featured_media":3066,"comment_status":"closed","ping_status":"closed","sticky":false,"template":"","format":"standard","meta":{"footnotes":""},"categories":[34],"tags":[],"class_list":["post-3065","post","type-post","status-publish","format-standard","has-post-thumbnail","hentry","category-allgemein"],"featured_image_urls":{"full":["https:\/\/agronoticias.es\/de\/wp-content\/uploads\/2025\/05\/tabla-fruta-aragon-25.jpg",600,432,false],"thumbnail":["https:\/\/agronoticias.es\/de\/wp-content\/uploads\/2025\/05\/tabla-fruta-aragon-25-150x150.jpg",150,150,true],"medium":["https:\/\/agronoticias.es\/de\/wp-content\/uploads\/2025\/05\/tabla-fruta-aragon-25-300x216.jpg",300,216,true],"medium_large":["https:\/\/agronoticias.es\/de\/wp-content\/uploads\/2025\/05\/tabla-fruta-aragon-25.jpg",600,432,false],"large":["https:\/\/agronoticias.es\/de\/wp-content\/uploads\/2025\/05\/tabla-fruta-aragon-25.jpg",600,432,false],"1536x1536":["https:\/\/agronoticias.es\/de\/wp-content\/uploads\/2025\/05\/tabla-fruta-aragon-25.jpg",600,432,false],"2048x2048":["https:\/\/agronoticias.es\/de\/wp-content\/uploads\/2025\/05\/tabla-fruta-aragon-25.jpg",600,432,false],"morenews-large":["https:\/\/agronoticias.es\/de\/wp-content\/uploads\/2025\/05\/tabla-fruta-aragon-25.jpg",600,432,false],"morenews-medium":["https:\/\/agronoticias.es\/de\/wp-content\/uploads\/2025\/05\/tabla-fruta-aragon-25-590x410.jpg",590,410,true]},"author_info":{"display_name":"admin","author_link":"https:\/\/agronoticias.es\/de\/author\/admin\/"},"category_info":"<a href=\"https:\/\/agronoticias.es\/de\/category\/allgemein\/\" rel=\"category tag\">Allgemein<\/a>","tag_info":"Allgemein","comment_count":"0","_links":{"self":[{"href":"https:\/\/agronoticias.es\/de\/wp-json\/wp\/v2\/posts\/3065","targetHints":{"allow":["GET"]}}],"collection":[{"href":"https:\/\/agronoticias.es\/de\/wp-json\/wp\/v2\/posts"}],"about":[{"href":"https:\/\/agronoticias.es\/de\/wp-json\/wp\/v2\/types\/post"}],"author":[{"embeddable":true,"href":"https:\/\/agronoticias.es\/de\/wp-json\/wp\/v2\/users\/1"}],"replies":[{"embeddable":true,"href":"https:\/\/agronoticias.es\/de\/wp-json\/wp\/v2\/comments?post=3065"}],"version-history":[{"count":1,"href":"https:\/\/agronoticias.es\/de\/wp-json\/wp\/v2\/posts\/3065\/revisions"}],"predecessor-version":[{"id":3067,"href":"https:\/\/agronoticias.es\/de\/wp-json\/wp\/v2\/posts\/3065\/revisions\/3067"}],"wp:featuredmedia":[{"embeddable":true,"href":"https:\/\/agronoticias.es\/de\/wp-json\/wp\/v2\/media\/3066"}],"wp:attachment":[{"href":"https:\/\/agronoticias.es\/de\/wp-json\/wp\/v2\/media?parent=3065"}],"wp:term":[{"taxonomy":"category","embeddable":true,"href":"https:\/\/agronoticias.es\/de\/wp-json\/wp\/v2\/categories?post=3065"},{"taxonomy":"post_tag","embeddable":true,"href":"https:\/\/agronoticias.es\/de\/wp-json\/wp\/v2\/tags?post=3065"}],"curies":[{"name":"wp","href":"https:\/\/api.w.org\/{rel}","templated":true}]}}