{"id":3062,"date":"2025-05-27T10:07:29","date_gmt":"2025-05-27T08:07:29","guid":{"rendered":"https:\/\/agronoticias.es\/de\/?p=3062"},"modified":"2025-05-27T10:07:30","modified_gmt":"2025-05-27T08:07:30","slug":"lidl-uber-500-artikel-aus-nahezu-allen-warengruppen-dauerhaft-im-preis-gesenkt","status":"publish","type":"post","link":"https:\/\/agronoticias.es\/de\/lidl-uber-500-artikel-aus-nahezu-allen-warengruppen-dauerhaft-im-preis-gesenkt\/","title":{"rendered":"Lidl &#8211; \u00dcber 500 Artikel aus nahezu allen Warengruppen dauerhaft im Preis gesenkt"},"content":{"rendered":"\n<p>Angesichts der anhaltend herausfordernden wirtschaftlichen Lage in Deutschland setzt Lidl ein deutliches Zeichen f\u00fcr die Verbraucher. Der Lebensmitteleinzelh\u00e4ndler k\u00fcndigt die gr\u00f6\u00dfte gleichzeitige Preissenkung in der Geschichte von Lidl an: Mehr als 500 Einzelartikel quer durch das Sortiment werden dauerhaft im Preis gesenkt &#8211; einzelne Artikel regional um bis zu 35 Prozent. Dies umfasst sowohl bundesweite als auch regionale Preisanpassungen. Damit reagiert Lidl auf die nach wie vor hohe Belastung der Haushalte durch gestiegene Lebenshaltungskosten und st\u00e4rkt die Kaufkraft seiner Kunden.<\/p>\n\n\n\n<p>Mit der historischen Preisanpassung senkt Lidl die Preise in nahezu allen Warengruppen. Die neuen Preise gelten dauerhaft. Damit bleibt der H\u00e4ndler seinem Anspruch treu, seinen Kunden hervorragende Qualit\u00e4t und eine gro\u00dfe Vielfalt zum gewohnt g\u00fcnstigen Lidl-Preis anzubieten. Lidl betont, dass es sich um eine strategische Entscheidung mit langfristiger Wirkung handelt und nicht um eine Werbeaktion. Dadurch unterstreicht der Lebensmitteleinzelh\u00e4ndler sein Versprechen \u00abLidl lohnt sich\u00bb. Mit seinem vielf\u00e4ltigen Sortiment zum bestm\u00f6glichen Preis-Leistungs-Verh\u00e4ltnis begleitet Lidl zuverl\u00e4ssig alle Lebenslagen der Kunden.<\/p>\n\n\n\n<p>Daher investiert Lidl in erster Linie in umfassende Preisnachl\u00e4sse, um seine Kunden dauerhaft zu entlasten und die Kaufkraft zu erh\u00f6hen. Dabei gibt Lidl die Kostensenkungen direkt an die Kunden weiter, ohne Abstriche bei der Produktqualit\u00e4t zu machen. Gleichzeitig bleibt Lidl ein verl\u00e4sslicher Partner der Hersteller: Dank langfristiger, fairer Vereinbarungen mit Lieferanten und hoher Abnahmemengen kann der Discounter seine Preise senken.<\/p>\n\n\n\n<p>Lidl untermauert mit diesem Schritt seine Vorreiterrolle &#8211; verbunden mit Verantwortung. \u00abMit der gr\u00f6\u00dften Preissenkung aller Zeiten entlasten wir unsere Kunden sp\u00fcrbar und setzen ein klares Signal in der Branche\u00bb, betont Friedrich Fuchs, Gesch\u00e4ftsleitungsvorsitzender von Lidl in Deutschland. \u00abSeit \u00fcber 50 Jahren nehmen wir als zuverl\u00e4ssiger Nahversorger im deutschen Lebensmitteleinzelhandel unsere Verantwortung ernst. Wir verstehen es als unsere gesellschaftliche Aufgabe und Auftrag langfristig das bestm\u00f6gliche Preis-Leistungs-Verh\u00e4ltnis anzubieten. Ohne Kompromisse bei Qualit\u00e4t oder Fairness. Diese Ma\u00dfnahme ist Teil unserer Preisstrategie, von der unsere Kunden profitieren. Indem wir uns in unserem Gesch\u00e4ftsmodell auf das Wesentliche konzentrieren und kontinuierlich unsere Effizienz verbessern, setzen wir unser Versprechen &#8216;Lidl lohnt sich&#8217; um. Und heute beweisen wir es noch mehr denn je.\u00bb<\/p>\n\n\n\n<p>In einer Zeit gepr\u00e4gt von schwankender Inflation und Unsicherheiten, beweist Lidl den Verbrauchern, dass sp\u00fcrbare Preisentlastungen m\u00f6glich sind. So senkte der Lebensmitteleinzelh\u00e4ndler beispielsweise zuletzt den Preis f\u00fcr Butter unter zwei Euro. Mit der aktuellen Initiative unterstreicht Lidl einmal mehr seine Vorreiterrolle im Lebensmitteleinzelhandel und bietet gleichzeitig Millionen Menschen in Deutschland eine finanzielle Entlastung im Alltag. Quelle &#8211; lidl<\/p>\n","protected":false},"excerpt":{"rendered":"<p>Angesichts der anhaltend herausfordernden wirtschaftlichen Lage in Deutschland setzt Lidl ein deutliches Zeichen f\u00fcr die Verbraucher. Der Lebensmitteleinzelh\u00e4ndler<\/p>\n","protected":false},"author":1,"featured_media":3063,"comment_status":"closed","ping_status":"closed","sticky":false,"template":"","format":"standard","meta":{"footnotes":""},"categories":[34],"tags":[],"class_list":["post-3062","post","type-post","status-publish","format-standard","has-post-thumbnail","hentry","category-allgemein"],"featured_image_urls":{"full":["https:\/\/agronoticias.es\/de\/wp-content\/uploads\/2025\/05\/lidl-og.png",892,591,false],"thumbnail":["https:\/\/agronoticias.es\/de\/wp-content\/uploads\/2025\/05\/lidl-og-150x150.png",150,150,true],"medium":["https:\/\/agronoticias.es\/de\/wp-content\/uploads\/2025\/05\/lidl-og-300x199.png",300,199,true],"medium_large":["https:\/\/agronoticias.es\/de\/wp-content\/uploads\/2025\/05\/lidl-og-768x509.png",640,424,true],"large":["https:\/\/agronoticias.es\/de\/wp-content\/uploads\/2025\/05\/lidl-og.png",640,424,false],"1536x1536":["https:\/\/agronoticias.es\/de\/wp-content\/uploads\/2025\/05\/lidl-og.png",892,591,false],"2048x2048":["https:\/\/agronoticias.es\/de\/wp-content\/uploads\/2025\/05\/lidl-og.png",892,591,false],"morenews-large":["https:\/\/agronoticias.es\/de\/wp-content\/uploads\/2025\/05\/lidl-og-825x575.png",825,575,true],"morenews-medium":["https:\/\/agronoticias.es\/de\/wp-content\/uploads\/2025\/05\/lidl-og-590x410.png",590,410,true]},"author_info":{"display_name":"admin","author_link":"https:\/\/agronoticias.es\/de\/author\/admin\/"},"category_info":"<a href=\"https:\/\/agronoticias.es\/de\/category\/allgemein\/\" rel=\"category tag\">Allgemein<\/a>","tag_info":"Allgemein","comment_count":"0","_links":{"self":[{"href":"https:\/\/agronoticias.es\/de\/wp-json\/wp\/v2\/posts\/3062","targetHints":{"allow":["GET"]}}],"collection":[{"href":"https:\/\/agronoticias.es\/de\/wp-json\/wp\/v2\/posts"}],"about":[{"href":"https:\/\/agronoticias.es\/de\/wp-json\/wp\/v2\/types\/post"}],"author":[{"embeddable":true,"href":"https:\/\/agronoticias.es\/de\/wp-json\/wp\/v2\/users\/1"}],"replies":[{"embeddable":true,"href":"https:\/\/agronoticias.es\/de\/wp-json\/wp\/v2\/comments?post=3062"}],"version-history":[{"count":1,"href":"https:\/\/agronoticias.es\/de\/wp-json\/wp\/v2\/posts\/3062\/revisions"}],"predecessor-version":[{"id":3064,"href":"https:\/\/agronoticias.es\/de\/wp-json\/wp\/v2\/posts\/3062\/revisions\/3064"}],"wp:featuredmedia":[{"embeddable":true,"href":"https:\/\/agronoticias.es\/de\/wp-json\/wp\/v2\/media\/3063"}],"wp:attachment":[{"href":"https:\/\/agronoticias.es\/de\/wp-json\/wp\/v2\/media?parent=3062"}],"wp:term":[{"taxonomy":"category","embeddable":true,"href":"https:\/\/agronoticias.es\/de\/wp-json\/wp\/v2\/categories?post=3062"},{"taxonomy":"post_tag","embeddable":true,"href":"https:\/\/agronoticias.es\/de\/wp-json\/wp\/v2\/tags?post=3062"}],"curies":[{"name":"wp","href":"https:\/\/api.w.org\/{rel}","templated":true}]}}