{"id":3058,"date":"2025-05-23T11:05:28","date_gmt":"2025-05-23T09:05:28","guid":{"rendered":"https:\/\/agronoticias.es\/de\/?p=3058"},"modified":"2025-05-23T11:05:28","modified_gmt":"2025-05-23T09:05:28","slug":"cordoba-start-der-knoblauchsaison","status":"publish","type":"post","link":"https:\/\/agronoticias.es\/de\/cordoba-start-der-knoblauchsaison\/","title":{"rendered":"C\u00f3rdoba: Start der Knoblauchsaison"},"content":{"rendered":"\n<p>Nach Information von Miguel del Pino, Pr\u00e4sident von Asaja C\u00f3rdoba Bereich Knoblauch, hat die Knoblauchkampagne, in der mit einer h\u00f6heren Produktqualit\u00e4t gerechnet wird, mit der mechanisierten Ernte in der Provinz C\u00f3rdoba begonnen.<\/p>\n\n\n\n<p>Die urspr\u00fcngliche Prognose der Agrarorganisation f\u00fcr die Knoblauchanbaufl\u00e4che in C\u00f3rdoba belief sich auf etwa 1.000 ha, \u00e4hnlich gro\u00df wie im vergangenen Jahr aber nur halb gross viel wie die von vor zwei Jahren, da sie in 2024 aufgrund des Wassermangels um mehr als 50 % gegen\u00fcber der vergangenen Kampagne reduziert wurde.<\/p>\n\n\n\n<p>Miguel del Pino erkl\u00e4rte: \u201eAm Ende wurden diesmal jedoch nur 400 ha bepflanzt, was daran liegt, dass der Knoblauch am Herbstende und w\u00e4hrend des Winters gesetzt wird. Zu diesem Zeitpunkt war die Situation v\u00f6llig anders als heute. In C\u00f3rdoba herrschte gro\u00dfe Unsicherheit in Bezug auf die Wasserversorgung, so dass die Erzeuger auf andere nahe gelegene Gebiete auswichen, in denen sie sicher war, wie in den Provinzen Sevilla und M\u00e1laga und vor allem in Castilla&#8211;La Mancha. Infolgedessen ist die Anbaufl\u00e4che in C\u00f3rdoba drastisch zur\u00fcckgegangen und weit entfernt von den 9.000 ha, die Knoblauch in den 80er und 90er Jahren des letzten Jahrhunderts erreichte.\u201c<\/p>\n\n\n\n<p>\u201eZu bedenken ist auch, dass der Knoblauchanbau sehr hohe j\u00e4hrliche Investitionen erfordert, die zwischen 12.000 und 13.000 Euro pro Hektar und Jahr liegen. Ebenso wie bei vielen anderen Kulturen ist die Rentabilit\u00e4t in den letzten Jahren aufgrund des starken Kostenanstiegs erheblich gesunken, was ebenfalls zu dem Fl\u00e4chenverlust der vergangenen Jahre beigetragen hat. Dazu beigetragen haben auch die von der Europ\u00e4ischen Union auferlegten Beschr\u00e4nkungen f\u00fcr die Verwendung bestimmter Pflanzenschutzmittel,\u201c f\u00fchrte er weiter aus.<\/p>\n\n\n\n<p>In Bezug auf die Preise sagte er abschlie\u00dfend: \u201eEine Preissenkung scheint nicht m\u00f6glich zu sein, da die Produktion h\u00f6chstwahrscheinlich weiterhin niedrig bleiben wird. Der Endpreis h\u00e4ngt aber von vielen Faktoren ab, u. a. von der Pr\u00e4sentation und Qualit\u00e4t, aber ein angemessener Durchschnittspreis wird bei etwa 4,5 Euro pro Kilo liegen<\/p>\n","protected":false},"excerpt":{"rendered":"<p>Nach Information von Miguel del Pino, Pr\u00e4sident von Asaja C\u00f3rdoba Bereich Knoblauch, hat die Knoblauchkampagne, in der mit<\/p>\n","protected":false},"author":1,"featured_media":3059,"comment_status":"closed","ping_status":"closed","sticky":false,"template":"","format":"standard","meta":{"footnotes":""},"categories":[34],"tags":[],"class_list":["post-3058","post","type-post","status-publish","format-standard","has-post-thumbnail","hentry","category-allgemein"],"featured_image_urls":{"full":["https:\/\/agronoticias.es\/de\/wp-content\/uploads\/2025\/05\/ajocordoba25.jpg",800,533,false],"thumbnail":["https:\/\/agronoticias.es\/de\/wp-content\/uploads\/2025\/05\/ajocordoba25-150x150.jpg",150,150,true],"medium":["https:\/\/agronoticias.es\/de\/wp-content\/uploads\/2025\/05\/ajocordoba25-300x200.jpg",300,200,true],"medium_large":["https:\/\/agronoticias.es\/de\/wp-content\/uploads\/2025\/05\/ajocordoba25-768x512.jpg",640,427,true],"large":["https:\/\/agronoticias.es\/de\/wp-content\/uploads\/2025\/05\/ajocordoba25.jpg",640,426,false],"1536x1536":["https:\/\/agronoticias.es\/de\/wp-content\/uploads\/2025\/05\/ajocordoba25.jpg",800,533,false],"2048x2048":["https:\/\/agronoticias.es\/de\/wp-content\/uploads\/2025\/05\/ajocordoba25.jpg",800,533,false],"morenews-large":["https:\/\/agronoticias.es\/de\/wp-content\/uploads\/2025\/05\/ajocordoba25.jpg",800,533,false],"morenews-medium":["https:\/\/agronoticias.es\/de\/wp-content\/uploads\/2025\/05\/ajocordoba25-590x410.jpg",590,410,true]},"author_info":{"display_name":"admin","author_link":"https:\/\/agronoticias.es\/de\/author\/admin\/"},"category_info":"<a href=\"https:\/\/agronoticias.es\/de\/category\/allgemein\/\" rel=\"category tag\">Allgemein<\/a>","tag_info":"Allgemein","comment_count":"0","_links":{"self":[{"href":"https:\/\/agronoticias.es\/de\/wp-json\/wp\/v2\/posts\/3058","targetHints":{"allow":["GET"]}}],"collection":[{"href":"https:\/\/agronoticias.es\/de\/wp-json\/wp\/v2\/posts"}],"about":[{"href":"https:\/\/agronoticias.es\/de\/wp-json\/wp\/v2\/types\/post"}],"author":[{"embeddable":true,"href":"https:\/\/agronoticias.es\/de\/wp-json\/wp\/v2\/users\/1"}],"replies":[{"embeddable":true,"href":"https:\/\/agronoticias.es\/de\/wp-json\/wp\/v2\/comments?post=3058"}],"version-history":[{"count":1,"href":"https:\/\/agronoticias.es\/de\/wp-json\/wp\/v2\/posts\/3058\/revisions"}],"predecessor-version":[{"id":3060,"href":"https:\/\/agronoticias.es\/de\/wp-json\/wp\/v2\/posts\/3058\/revisions\/3060"}],"wp:featuredmedia":[{"embeddable":true,"href":"https:\/\/agronoticias.es\/de\/wp-json\/wp\/v2\/media\/3059"}],"wp:attachment":[{"href":"https:\/\/agronoticias.es\/de\/wp-json\/wp\/v2\/media?parent=3058"}],"wp:term":[{"taxonomy":"category","embeddable":true,"href":"https:\/\/agronoticias.es\/de\/wp-json\/wp\/v2\/categories?post=3058"},{"taxonomy":"post_tag","embeddable":true,"href":"https:\/\/agronoticias.es\/de\/wp-json\/wp\/v2\/tags?post=3058"}],"curies":[{"name":"wp","href":"https:\/\/api.w.org\/{rel}","templated":true}]}}