{"id":3052,"date":"2025-05-23T10:44:01","date_gmt":"2025-05-23T08:44:01","guid":{"rendered":"https:\/\/agronoticias.es\/de\/?p=3052"},"modified":"2025-05-23T10:48:35","modified_gmt":"2025-05-23T08:48:35","slug":"fruit-attraction-2025-erreicht-90-prozent-der-belegflache","status":"publish","type":"post","link":"https:\/\/agronoticias.es\/de\/fruit-attraction-2025-erreicht-90-prozent-der-belegflache\/","title":{"rendered":"Fruit Attraction 2025 erreicht 90 Prozent der Belegfl\u00e4che"},"content":{"rendered":"\n<p><br>Die von IFEMA MADRID und FEPEX organisierte Fruit Attraction, die vom 30. September bis zum 2. Oktober auf dem Madrider Messegel\u00e4nde stattfindet, verzeichnet vier Monate vor Beginn eine Belegung von mehr als 90 %, so die Direktorin Mar\u00eda Jos\u00e9 S\u00e1nchez bei der Pr\u00e4sentation der 17. Ausgabe, an der auch Cecilio Peregr\u00edn und Jos\u00e9 Mar\u00eda Pozancos, Pr\u00e4sident bzw. Direktor von FEPEX, teilnahmen sowie Elena Curzio, Beauftragte f\u00fcr Wirtschafts- und handelsangelegenheiten und Promotion der mexikanischen Botschaft in Spanien.<br><br>Die bisher zugewiesene Ausstellungsfl\u00e4che bel\u00e4uft sich auf 70.000 m2, 8 % mehr als im gleichen Zeitraum des vergangenen Jahres. Insgesamt sind die Prognosen f\u00fcr die n\u00e4chste Ausgabe mit mehr als 2.500 teilnehmenden Unternehmen, 75.000 m2 f\u00fcr das O+G-Angebot und mehr als 120.000 Fachleute aus 150 L\u00e4nder optimistisch.<br><br>Die Fruit Attraction 2025 markiert einen wichtigen Meilenstein in ihrer Geschichte, indem sie sich als eine der weltweit f\u00fchrenden Fachmessen f\u00fcr den Obst- und Gem\u00fcsesektor etabliert. Dar\u00fcber hinaus st\u00e4rkt sie ihre F\u00fchrungsposition durch eine strategische Erweiterung und neue Sektoreneinteilung, die die Erfahrungen der Aussteller und Besucher optimieren wird. In diesem Jahr wird sie 10 Hallen belegen &#8211; 3, 4, 5, 6, 7, 8, 9, 10, 12 und 14 &#8211; und Madrid damit zum weltweiten Epizentrum der Vermarktung von Frischprodukten machen.<br><br>In den ungeraden Hallen werden die Neuheiten der nationalen Unternehmen vorgestellt, zus\u00e4tzlich zu den Vorschl\u00e4gen des Bereichs Innova&amp;Tech (Halle 5). In den geraden Hallen werden Unternehmen aus Europa (4, 6 und 8), einzelne Unternehmen, die auf dem globalen Markt t\u00e4tig sind (8 und 10), aus Amerika (12) sowie aus Afrika und Asien (Halle 14) vertreten sein. Der Bereich Frischelogistik wird in Halle 4 zu finden sein. Um das Ausstellungsangebot zu vervollst\u00e4ndigen, werden die meisten Hallen \u00fcber einen Bereich f\u00fcr die Zuliefererindustrie verf\u00fcgen, so dass die gesamte Wertsch\u00f6pfungskette des Sektors auf der Fruit Attraction vertreten sein wird.<br><br>Tomaten werden in diesem Jahr das Starprodukt sein. Daneben wird die diesj\u00e4hrige Ausgabe den Bioprodukten besondere Aufmerksamkeit schenken. Zu dem leistungsstarken Programm f\u00fcr internationale Eink\u00e4ufer kommt die Initiative der Gasteinfuhrl\u00e4nder hinzu mit Mexiko und Malaysia im Mittelpunkt.<\/p>\n\n\n\n<p>Auch in diesem Jahr schreibt die Fruit Attraction die Innovation Hub Awards aus, mit denen das beste Projekt, Produkt oder die beste Dienstleistung f\u00fcr den Sektor ausgezeichnet wird, wobei stets die Kriterien Innovation, Nachhaltigkeit, angewandte Technologie und Kenntnisse ber\u00fccksichtigt werden. Wie bei den fr\u00fcheren Veranstaltungen werden alle eingereichten Bewerbungen w\u00e4hrend der drei Messetage im Bereich Innovation Hub, dem Verbindungsbereich zwischen den Hallen 4 und 6, ausgestellt.<br><br>Die Fruit Attraction wird wieder zum Wissenszentrum in den verschiedenen Foren, die ein komplettes Programm von technischen Seminaren anbieten, die sich durch eine gro\u00dfe inhaltliche Vielfalt und das hohe Niveau der Teilnehmer und Redner auszeichnen. Auf der Fruit Attraction finden unter anderem die Kongresse Grape Attraction, Biofruit Congress und Fresh Food Logistics The Summit statt. Quelle: Fruit Attraction<\/p>\n","protected":false},"excerpt":{"rendered":"<p>Die von IFEMA MADRID und FEPEX organisierte Fruit Attraction, die vom 30. September bis zum 2. Oktober auf<\/p>\n","protected":false},"author":1,"featured_media":3053,"comment_status":"closed","ping_status":"closed","sticky":false,"template":"","format":"standard","meta":{"footnotes":""},"categories":[34,1],"tags":[],"class_list":["post-3052","post","type-post","status-publish","format-standard","has-post-thumbnail","hentry","category-allgemein","category-veranstaltungen"],"featured_image_urls":{"full":["https:\/\/agronoticias.es\/de\/wp-content\/uploads\/2025\/05\/fa25.jpg",800,518,false],"thumbnail":["https:\/\/agronoticias.es\/de\/wp-content\/uploads\/2025\/05\/fa25-150x150.jpg",150,150,true],"medium":["https:\/\/agronoticias.es\/de\/wp-content\/uploads\/2025\/05\/fa25-300x194.jpg",300,194,true],"medium_large":["https:\/\/agronoticias.es\/de\/wp-content\/uploads\/2025\/05\/fa25-768x497.jpg",640,414,true],"large":["https:\/\/agronoticias.es\/de\/wp-content\/uploads\/2025\/05\/fa25.jpg",640,414,false],"1536x1536":["https:\/\/agronoticias.es\/de\/wp-content\/uploads\/2025\/05\/fa25.jpg",800,518,false],"2048x2048":["https:\/\/agronoticias.es\/de\/wp-content\/uploads\/2025\/05\/fa25.jpg",800,518,false],"morenews-large":["https:\/\/agronoticias.es\/de\/wp-content\/uploads\/2025\/05\/fa25.jpg",800,518,false],"morenews-medium":["https:\/\/agronoticias.es\/de\/wp-content\/uploads\/2025\/05\/fa25-590x410.jpg",590,410,true]},"author_info":{"display_name":"admin","author_link":"https:\/\/agronoticias.es\/de\/author\/admin\/"},"category_info":"<a href=\"https:\/\/agronoticias.es\/de\/category\/allgemein\/\" rel=\"category tag\">Allgemein<\/a> <a href=\"https:\/\/agronoticias.es\/de\/category\/veranstaltungen\/\" rel=\"category tag\">Veranstaltungen<\/a>","tag_info":"Veranstaltungen","comment_count":"0","_links":{"self":[{"href":"https:\/\/agronoticias.es\/de\/wp-json\/wp\/v2\/posts\/3052","targetHints":{"allow":["GET"]}}],"collection":[{"href":"https:\/\/agronoticias.es\/de\/wp-json\/wp\/v2\/posts"}],"about":[{"href":"https:\/\/agronoticias.es\/de\/wp-json\/wp\/v2\/types\/post"}],"author":[{"embeddable":true,"href":"https:\/\/agronoticias.es\/de\/wp-json\/wp\/v2\/users\/1"}],"replies":[{"embeddable":true,"href":"https:\/\/agronoticias.es\/de\/wp-json\/wp\/v2\/comments?post=3052"}],"version-history":[{"count":1,"href":"https:\/\/agronoticias.es\/de\/wp-json\/wp\/v2\/posts\/3052\/revisions"}],"predecessor-version":[{"id":3054,"href":"https:\/\/agronoticias.es\/de\/wp-json\/wp\/v2\/posts\/3052\/revisions\/3054"}],"wp:featuredmedia":[{"embeddable":true,"href":"https:\/\/agronoticias.es\/de\/wp-json\/wp\/v2\/media\/3053"}],"wp:attachment":[{"href":"https:\/\/agronoticias.es\/de\/wp-json\/wp\/v2\/media?parent=3052"}],"wp:term":[{"taxonomy":"category","embeddable":true,"href":"https:\/\/agronoticias.es\/de\/wp-json\/wp\/v2\/categories?post=3052"},{"taxonomy":"post_tag","embeddable":true,"href":"https:\/\/agronoticias.es\/de\/wp-json\/wp\/v2\/tags?post=3052"}],"curies":[{"name":"wp","href":"https:\/\/api.w.org\/{rel}","templated":true}]}}