{"id":3046,"date":"2025-05-20T10:49:30","date_gmt":"2025-05-20T08:49:30","guid":{"rendered":"https:\/\/agronoticias.es\/de\/?p=3046"},"modified":"2025-05-20T10:49:31","modified_gmt":"2025-05-20T08:49:31","slug":"katalonien-erwartet-trotz-diverser-hagelunwetter-eine-normale-steinobstproduktion","status":"publish","type":"post","link":"https:\/\/agronoticias.es\/de\/katalonien-erwartet-trotz-diverser-hagelunwetter-eine-normale-steinobstproduktion\/","title":{"rendered":"Katalonien erwartet trotz diverser Hagelunwetter eine normale Steinobstproduktion"},"content":{"rendered":"\n<p>Nach den Anfang KW 21\/25 von Afrucat (katalanischer Obstverband) und DARPA (katalanisches Landwirtschaftsministerium) vorgelegten Daten, wird Katalonien trotz der diversen Hagelunwetter in diesem Fr\u00fchjahr seine Pfirsich- und Nektarinenproduktion aufrechterhalten. Sie wird im Vergleich zur letzten Saison um 2 % zur\u00fcckgehen und voraussichtlich 376.780 Tonnen betragen, w\u00e4hrend sie sich im Vergleich zum Durchschnitt der vergangenen f\u00fcnf Jahre um 5 % erholen wird.<\/p>\n\n\n\n<p>Nach Anbaugebiete erwartet Lleida 356.930 t Pfirsiche und Nektarinen (-2%), Tarragona 16.450 t (-5%), Barcelona 2.480 t (+7%) und Girona 935 t (+2%).<\/p>\n\n\n\n<p>Trotz der sieben Hagelunwetter, die das Gebiet von Lleida in knapp einem Monat erlitten hat, w\u00e4re dies das dritte Jahr mit einem korrekten Produktionspotenzial nach den Kampagnen mit sehr niedrigen Ernten (2020, 2021 und 2022) und schwerwiegenden klimatischen Auswirkungen.<\/p>\n\n\n\n<p>Die Bl\u00fctephase war lang, der Fruchtansatz in Lleida normal\/reichlich und in Tarragona normal; die Gr\u00f6\u00dfen sind normal und der Ausd\u00fcnnungsbedarf ist normal\/hoch (in den vom Hagel betroffenen Gebieten konnte durch die Ausd\u00fcnnung ein gro\u00dfer Teil der besch\u00e4digten Fr\u00fcchte entfernt werden).<\/p>\n\n\n\n<p>Der Erntezeitpunkt h\u00e4ngt nach Angaben von Afrucat von den jeweiligen Anbaugebieten ab, und man kann von einer Verz\u00f6gerung von 5-7 Tagen (15 Tage in Barcelona) im Vergleich zum vergangenen Jahr sprechen, was einem normalen Jahr entspricht, obwohl der endg\u00fcltige Termin von den Temperaturen in den kommenden Wochen abh\u00e4ngt.<\/p>\n\n\n\n<p>Andererseits geht Afrucat davon aus, dass der Sektor vor einer Saison steht, in der es in ganz Europa zu einer Verknappung von Steinobst kommt, was sich bereits in der steigenden Nachfrage nach Aprikosen bemerkbar macht. Die Bewertung der Auswirkungen der Fr\u00f6ste auf dem gesamten Kontinent wird f\u00fcr die Vorhersage des Marktverhaltens entscheidend sein. Auelle und Foto: Afrucat<\/p>\n\n\n\n<p><\/p>\n","protected":false},"excerpt":{"rendered":"<p>Nach den Anfang KW 21\/25 von Afrucat (katalanischer Obstverband) und DARPA (katalanisches Landwirtschaftsministerium) vorgelegten Daten, wird Katalonien trotz<\/p>\n","protected":false},"author":1,"featured_media":3047,"comment_status":"closed","ping_status":"closed","sticky":false,"template":"","format":"standard","meta":{"footnotes":""},"categories":[34],"tags":[],"class_list":["post-3046","post","type-post","status-publish","format-standard","has-post-thumbnail","hentry","category-allgemein"],"featured_image_urls":{"full":["https:\/\/agronoticias.es\/de\/wp-content\/uploads\/2025\/05\/Afrucat-previsiones-fruta-hueso.jpeg",800,600,false],"thumbnail":["https:\/\/agronoticias.es\/de\/wp-content\/uploads\/2025\/05\/Afrucat-previsiones-fruta-hueso-150x150.jpeg",150,150,true],"medium":["https:\/\/agronoticias.es\/de\/wp-content\/uploads\/2025\/05\/Afrucat-previsiones-fruta-hueso-300x225.jpeg",300,225,true],"medium_large":["https:\/\/agronoticias.es\/de\/wp-content\/uploads\/2025\/05\/Afrucat-previsiones-fruta-hueso-768x576.jpeg",640,480,true],"large":["https:\/\/agronoticias.es\/de\/wp-content\/uploads\/2025\/05\/Afrucat-previsiones-fruta-hueso.jpeg",640,480,false],"1536x1536":["https:\/\/agronoticias.es\/de\/wp-content\/uploads\/2025\/05\/Afrucat-previsiones-fruta-hueso.jpeg",800,600,false],"2048x2048":["https:\/\/agronoticias.es\/de\/wp-content\/uploads\/2025\/05\/Afrucat-previsiones-fruta-hueso.jpeg",800,600,false],"morenews-large":["https:\/\/agronoticias.es\/de\/wp-content\/uploads\/2025\/05\/Afrucat-previsiones-fruta-hueso-800x575.jpeg",800,575,true],"morenews-medium":["https:\/\/agronoticias.es\/de\/wp-content\/uploads\/2025\/05\/Afrucat-previsiones-fruta-hueso-590x410.jpeg",590,410,true]},"author_info":{"display_name":"admin","author_link":"https:\/\/agronoticias.es\/de\/author\/admin\/"},"category_info":"<a href=\"https:\/\/agronoticias.es\/de\/category\/allgemein\/\" rel=\"category tag\">Allgemein<\/a>","tag_info":"Allgemein","comment_count":"0","_links":{"self":[{"href":"https:\/\/agronoticias.es\/de\/wp-json\/wp\/v2\/posts\/3046","targetHints":{"allow":["GET"]}}],"collection":[{"href":"https:\/\/agronoticias.es\/de\/wp-json\/wp\/v2\/posts"}],"about":[{"href":"https:\/\/agronoticias.es\/de\/wp-json\/wp\/v2\/types\/post"}],"author":[{"embeddable":true,"href":"https:\/\/agronoticias.es\/de\/wp-json\/wp\/v2\/users\/1"}],"replies":[{"embeddable":true,"href":"https:\/\/agronoticias.es\/de\/wp-json\/wp\/v2\/comments?post=3046"}],"version-history":[{"count":1,"href":"https:\/\/agronoticias.es\/de\/wp-json\/wp\/v2\/posts\/3046\/revisions"}],"predecessor-version":[{"id":3048,"href":"https:\/\/agronoticias.es\/de\/wp-json\/wp\/v2\/posts\/3046\/revisions\/3048"}],"wp:featuredmedia":[{"embeddable":true,"href":"https:\/\/agronoticias.es\/de\/wp-json\/wp\/v2\/media\/3047"}],"wp:attachment":[{"href":"https:\/\/agronoticias.es\/de\/wp-json\/wp\/v2\/media?parent=3046"}],"wp:term":[{"taxonomy":"category","embeddable":true,"href":"https:\/\/agronoticias.es\/de\/wp-json\/wp\/v2\/categories?post=3046"},{"taxonomy":"post_tag","embeddable":true,"href":"https:\/\/agronoticias.es\/de\/wp-json\/wp\/v2\/tags?post=3046"}],"curies":[{"name":"wp","href":"https:\/\/api.w.org\/{rel}","templated":true}]}}