{"id":3035,"date":"2025-05-15T12:08:51","date_gmt":"2025-05-15T10:08:51","guid":{"rendered":"https:\/\/agronoticias.es\/de\/?p=3035"},"modified":"2025-05-15T12:08:52","modified_gmt":"2025-05-15T10:08:52","slug":"exporte-als-wachstumsmotor-im-spanischen-obst-und-gemusesektor-trotz-internationaler-unsicherheit","status":"publish","type":"post","link":"https:\/\/agronoticias.es\/de\/exporte-als-wachstumsmotor-im-spanischen-obst-und-gemusesektor-trotz-internationaler-unsicherheit\/","title":{"rendered":"Exporte als Wachstumsmotor im spanischen Obst- und Gem\u00fcsesektor trotz internationaler Unsicherheit"},"content":{"rendered":"\n<p><\/p>\n\n\n\n<p>Der O+G-Sektor blickt optimistisch auf das Jahr 2025, nachdem er das erste Quartal des Jahres mit einer positiven Entwicklung sowohl beim Wert als auch beim Volumen abgeschlossen hat. Dies betonte Barbara Calvaresi, Leiterin des Sektors Obst und Gem\u00fcse bei AECOC, bei der Vorstellung des ersten \u201e<strong>Pulso del sector de frutas y hortalizas<\/strong>\u201c. In dieser Studie, an der die f\u00fchrenden Unternehmen des Sektors teilgenommen haben und die 60 % des Marktanteils des LEH umfasst, wurden die Ergebnisse der Unternehmen im ersten Teil des Jahres und ihre Aussichten f\u00fcr die kommenden Monate analysiert.<\/p>\n\n\n\n<p><strong>Schwierigkeiten bei der R\u00fcckgewinnung der Rentabilit\u00e4t<\/strong><\/p>\n\n\n\n<p>Dem Bericht zufolge haben 80 % der Unternehmen des Sektors ihren Umsatz im ersten Quartal des Jahres wertm\u00e4\u00dfig gesteigert, 42 % sogar um mehr als 5 %. Auch mengenm\u00e4\u00dfig ist allgemein ein Wachstum zu verzeichnen: 7 von 10 Unternehmen haben Zuw\u00e4chse verzeichnet, und 33 % haben mehr als 5 % im Vergleich zum Vorjahreszeitraum erzielt. \u201eDie Erwartungen f\u00fcr das Jahr 2025 insgesamt sind sogar noch positiver. 93 % der Unternehmen erwarten, dass sie ihren Umsatz wertm\u00e4\u00dfig steigern werden, und 78 % rechnen auch mit einem Mengenwachstum\u201c, betonte Barbara Calvaresi bei der Pr\u00e4sentation der Studie.<\/p>\n\n\n\n<p>Eine weitere Schlussfolgerung des Berichts ist, dass das Umsatzwachstum nicht mit der Rentabilit\u00e4t Schritt h\u00e4lt. In diesem Sinne sind 60 % der Unternehmen des Sektors in Bezug auf ihre Rentabilit\u00e4t entweder stabil oder haben einen R\u00fcckgang dieses Indikators zu verzeichnen. Mit Blick auf das Jahr 2025 gehen trotzdem 57 % der Unternehmen davon aus, dass sie ihr Rentabilit\u00e4tsniveau beibehalten werden, w\u00e4hrend 43 % mit Fortschritten rechnen.<\/p>\n\n\n\n<p><strong>Au\u00dfenhandel als Schl\u00fcssel zum Wachstum der Kategorie<\/strong><\/p>\n\n\n\n<p>Spanien ist der gr\u00f6\u00dfte O+G-Produzent in der Europ\u00e4ischen Union mit einem Anteil von mehr als 25 % an der europ\u00e4ischen Produktion und einem Exportvolumen von 12,3 Millionen Tonnen im Jahr 2024, 8 % mehr als im Jahr 2023.<\/p>\n\n\n\n<p>Trotz der unsicheren internationalen Lage erzielten 45 % der Unternehmen des Sektors im Jahr 2024 mehr als die H\u00e4lfte ihres Umsatzes mit dem Export. Mit Blick auf das Jahr 2025 erwarten die Unternehmen ein Wachstum vor allem auf dem europ\u00e4ischen Markt &#8211; einschlie\u00dflich Grossbritannien &#8211; (49 %) und dem nationalen Markt (44 %). In geringerem Ma\u00dfe sehen einige Unternehmen auch den asiatischen Markt (2,2 %) und den amerikanischen Markt (2,2 %) als zus\u00e4tzliche Wachstumsquellen an. Dies hob Enrique de los R\u00edos w\u00e4hrend der Veranstaltung hervor.<\/p>\n\n\n\n<p>In einem globalen Umfeld, das von der Revision von Handelsabkommen und geopolitischer Unsicherheit gepr\u00e4gt ist, beobachten die Unternehmen des O+G-Sektors aufmerksam die externen Faktoren, die ihre Wettbewerbsf\u00e4higkeit im Jahr 2025 beeinflussen k\u00f6nnten. In diesem Sinne sind 43 % der Unternehmen der Ansicht, dass das Abkommen zwischen der EU und Mercosur Auswirkungen auf die Wettbewerbsf\u00e4higkeit des Sektors haben wird. Zu den gr\u00f6\u00dften Bedenken z\u00e4hlen die Unternehmen den m\u00f6glichen unlauteren Wettbewerb (49,3 %), die mangelnde Lebensmittelsicherheit (13,4 %) und m\u00f6gliche Unterschiede bei den Qualit\u00e4tsstandards (7,5 %).<\/p>\n\n\n\n<p>Obwohl die R\u00fcckkehr von Donald Trump als US-Pr\u00e4sident ein geopolitisches Szenario der Ungewissheit f\u00fcr den Sektor darstellt, glauben 38 % der Unternehmen, dass seine R\u00fcckkehr keine Auswirkungen auf ihre derzeitigen Exporte haben wird (aktuell nur 2,4 % der Gesamtexporte), 37 % rechnen mit negativen Auswirkungen. Andererseits glauben 9 %, dass diese Situation Chancen auf M\u00e4rkten er\u00f6ffnen k\u00f6nnte, die mit den USA konkurrieren, wie Mexiko oder China, erkl\u00e4rte Enrique de los R\u00edos.<\/p>\n\n\n\n<p>Der Studie zufolge haben die Unternehmen des Sektors den Regulierungsdruck als eine der gr\u00f6\u00dften Herausforderungen f\u00fcr die kommenden Monate bezeichnet. Auf nationaler Ebene sind 58 % der Unternehmen besorgt \u00fcber das Gesetzesdekret \u00fcber Verpackungen und Verpackungsabf\u00e4lle, gefolgt von dem k\u00f6niglichen Dekret zur Entwicklung des Registers f\u00fcr Lebensmittelvertr\u00e4ge (21 %) und dem k\u00fcrzlich verabschiedeten Gesetz \u00fcber Lebensmittelabf\u00e4lle (9 %).<\/p>\n\n\n\n<p>Um die Wettbewerbsf\u00e4higkeit nicht zu verlieren, fordern 66 % der Branche, dass sie von der Verwaltung bei der Ausarbeitung neuer Vorschriften mit einbezogen werden. Dar\u00fcber hinaus forderten 13 % vern\u00fcnftige Umsetzungsfristen, 12 % eine Harmonisierung der Rechtsvorschriften zwischen den L\u00e4ndern und 3 % forderten, dass Regulierungsvorschl\u00e4ge von technischen Berichten begleitet werden.<\/p>\n\n\n\n<p>\u201eDie Unternehmen setzen auf Nachhaltigkeit und Wettbewerbsf\u00e4higkeit, aber sie brauchen realistische und einvernehmliche rechtliche Rahmenbedingungen, die ihre Lebensf\u00e4higkeit nicht gef\u00e4hrden\u201c, schloss Enrique de los R\u00edos. Fuente  &#8211; AECOC<\/p>\n","protected":false},"excerpt":{"rendered":"<p>Der O+G-Sektor blickt optimistisch auf das Jahr 2025, nachdem er das erste Quartal des Jahres mit einer positiven<\/p>\n","protected":false},"author":1,"featured_media":3036,"comment_status":"closed","ping_status":"closed","sticky":false,"template":"","format":"standard","meta":{"footnotes":""},"categories":[34],"tags":[],"class_list":["post-3035","post","type-post","status-publish","format-standard","has-post-thumbnail","hentry","category-allgemein"],"featured_image_urls":{"full":["https:\/\/agronoticias.es\/de\/wp-content\/uploads\/2025\/05\/aecoc-empresas.png",647,415,false],"thumbnail":["https:\/\/agronoticias.es\/de\/wp-content\/uploads\/2025\/05\/aecoc-empresas-150x150.png",150,150,true],"medium":["https:\/\/agronoticias.es\/de\/wp-content\/uploads\/2025\/05\/aecoc-empresas-300x192.png",300,192,true],"medium_large":["https:\/\/agronoticias.es\/de\/wp-content\/uploads\/2025\/05\/aecoc-empresas.png",640,411,false],"large":["https:\/\/agronoticias.es\/de\/wp-content\/uploads\/2025\/05\/aecoc-empresas.png",640,411,false],"1536x1536":["https:\/\/agronoticias.es\/de\/wp-content\/uploads\/2025\/05\/aecoc-empresas.png",647,415,false],"2048x2048":["https:\/\/agronoticias.es\/de\/wp-content\/uploads\/2025\/05\/aecoc-empresas.png",647,415,false],"morenews-large":["https:\/\/agronoticias.es\/de\/wp-content\/uploads\/2025\/05\/aecoc-empresas.png",647,415,false],"morenews-medium":["https:\/\/agronoticias.es\/de\/wp-content\/uploads\/2025\/05\/aecoc-empresas-590x410.png",590,410,true]},"author_info":{"display_name":"admin","author_link":"https:\/\/agronoticias.es\/de\/author\/admin\/"},"category_info":"<a href=\"https:\/\/agronoticias.es\/de\/category\/allgemein\/\" rel=\"category tag\">Allgemein<\/a>","tag_info":"Allgemein","comment_count":"0","_links":{"self":[{"href":"https:\/\/agronoticias.es\/de\/wp-json\/wp\/v2\/posts\/3035","targetHints":{"allow":["GET"]}}],"collection":[{"href":"https:\/\/agronoticias.es\/de\/wp-json\/wp\/v2\/posts"}],"about":[{"href":"https:\/\/agronoticias.es\/de\/wp-json\/wp\/v2\/types\/post"}],"author":[{"embeddable":true,"href":"https:\/\/agronoticias.es\/de\/wp-json\/wp\/v2\/users\/1"}],"replies":[{"embeddable":true,"href":"https:\/\/agronoticias.es\/de\/wp-json\/wp\/v2\/comments?post=3035"}],"version-history":[{"count":1,"href":"https:\/\/agronoticias.es\/de\/wp-json\/wp\/v2\/posts\/3035\/revisions"}],"predecessor-version":[{"id":3037,"href":"https:\/\/agronoticias.es\/de\/wp-json\/wp\/v2\/posts\/3035\/revisions\/3037"}],"wp:featuredmedia":[{"embeddable":true,"href":"https:\/\/agronoticias.es\/de\/wp-json\/wp\/v2\/media\/3036"}],"wp:attachment":[{"href":"https:\/\/agronoticias.es\/de\/wp-json\/wp\/v2\/media?parent=3035"}],"wp:term":[{"taxonomy":"category","embeddable":true,"href":"https:\/\/agronoticias.es\/de\/wp-json\/wp\/v2\/categories?post=3035"},{"taxonomy":"post_tag","embeddable":true,"href":"https:\/\/agronoticias.es\/de\/wp-json\/wp\/v2\/tags?post=3035"}],"curies":[{"name":"wp","href":"https:\/\/api.w.org\/{rel}","templated":true}]}}