{"id":3016,"date":"2025-05-07T10:56:09","date_gmt":"2025-05-07T08:56:09","guid":{"rendered":"https:\/\/agronoticias.es\/de\/?p=3016"},"modified":"2025-05-07T10:56:10","modified_gmt":"2025-05-07T08:56:10","slug":"neuer-bundeskanzler-gewahlt-hde-fordert-rasche-masnahmen-fur-wirtschaftswachstum","status":"publish","type":"post","link":"https:\/\/agronoticias.es\/de\/neuer-bundeskanzler-gewahlt-hde-fordert-rasche-masnahmen-fur-wirtschaftswachstum\/","title":{"rendered":"Neuer Bundeskanzler gew\u00e4hlt: HDE fordert rasche Ma\u00dfnahmen f\u00fcr Wirtschaftswachstum"},"content":{"rendered":"\n<p>Mit Blick auf die heutige Wahl des Bundeskanzlers macht der Handelsverband Deutschland (HDE) deutlich, dass angesichts der schwierigen wirtschaftlichen Lage schnelle Ma\u00dfnahmen f\u00fcr die Wirtschaft und den Konsum gefordert sind. Dabei geht es unter anderem um den Abbau von B\u00fcrokratie, bezahlbare Energiepreise f\u00fcr alle und Entlastungen f\u00fcr kleine und mittlere Einkommen.<\/p>\n\n\n\n<p>\u201eViele Verbraucher und Unternehmen sind verunsichert. Das Scheitern im ersten Wahlgang bei der Wahl des Bundeskanzlers hat die Situation weiter versch\u00e4rft. Diese Stimmung ist Gift f\u00fcr den Konsum. Deshalb ist es jetzt h\u00f6chste Zeit anzupacken. Alle notwendigen Ma\u00dfnahmen liegen auf dem Tisch, die neue Bundesregierung muss rasch in die Umsetzung kommen. Wir brauchen eine Aufbruchsstimmung, damit wieder Zuversicht und Dynamik einkehren. Die Verbraucherstimmung ist zu einem hohen Anteil Kopfsache. Da d\u00fcmpeln wir seit vielen Monaten auf einem nicht zufriedenstellenden Niveau herum. Nach dem verstolperten Start bei der Wahl des Bundeskanzlers geht es nun erst recht darum, hier positive Bewegung auszul\u00f6sen\u201c, so HDE-Pr\u00e4sident Alexander von Preen.<\/p>\n\n\n\n<p>F\u00fcr die Handelsunternehmen stellt von Preen unter anderem die hohen Energiepreise in den Fokus: \u201eStrom muss f\u00fcr alle bezahlbar sein, auch f\u00fcr die Handelsunternehmen. Die explodierenden Energiekosten der vergangenen Jahre haben viele Kalkulationen \u00fcber den Haufen geworfen. Da hilft es nichts, nur der energieintensiven Industrie entgegenzukommen. Die Strompreise m\u00fcssen f\u00fcr alle sinken, die Stromsteuer muss massiv gesenkt werden.\u201c Zudem m\u00fcsse der weitere B\u00fcrokratieabbau energisch und entschlossen angegangen werden. Die \u00fcberbordenden Regelungen machten f\u00fcr die bestehenden Betriebe die Arbeit unn\u00f6tig schwer und teuer. Gleichzeitig schrecke der Regulierungsdschungel viele Menschen vom Schritt in die Selbstst\u00e4ndigkeit ab. Dar\u00fcber hinaus setzt sich der HDE mit Nachdruck f\u00fcr einen fairen Wettbewerb mit Online-Anbietern aus Fernost ein. \u201eEs muss Schluss sein damit, dass \u00fcber Anbieter wie Temu zahllose Waren auf den europ\u00e4ischen Binnenmarkt kommen, die gegen unsere hiesigen Regeln versto\u00dfen. Das ist unfair und gef\u00e4hrdet auf Dauer die Existenz der heimischen H\u00e4ndler, die sich an alle hier geltenden Gesetze halten. Diesen Zust\u00e4nden muss sehr schnell ein Riegel vorgeschoben werden\u201c, so der HDE-Pr\u00e4sident. Als gef\u00e4hrlich wertet der HDE nach wie vor die Erw\u00e4hnung eines Mindestlohns in H\u00f6he von 15 Euro im Koalitionsvertrag. Eine solche Festlegung gef\u00e4hrde die Unabh\u00e4ngigkeit der Mindestlohnkommission. Im Ergebnis sieht der Handelsverband damit die Tarifautonomie unter Druck.<\/p>\n\n\n\n<p>\u201eIm Koalitionsvertrag steckt insgesamt viel Gutes, das muss jetzt rasch konkret werden. F\u00fcr den Konsum ist auch wichtig, dass so schnell wie m\u00f6glich eine steuerliche Entlastung insbesondere f\u00fcr kleinere und mittlere Einkommen kommt. Da muss die Regierung liefern\u201c, so Alexander von Preen. Quelle und Foto: HDE<\/p>\n\n\n\n<p> <strong>Neuer Bundeskanzler gew\u00e4hlt: HDE fordert rasche Ma\u00dfnahmen f\u00fcr Wirtschaftswachstum<\/strong><\/p>\n\n\n\n<p>Mit Blick auf die heutige Wahl des Bundeskanzlers macht der Handelsverband Deutschland (HDE) deutlich, dass angesichts der schwierigen wirtschaftlichen Lage schnelle Ma\u00dfnahmen f\u00fcr die Wirtschaft und den Konsum gefordert sind. Dabei geht es unter anderem um den Abbau von B\u00fcrokratie, bezahlbare Energiepreise f\u00fcr alle und Entlastungen f\u00fcr kleine und mittlere Einkommen.<\/p>\n\n\n\n<p>\u201eViele Verbraucher und Unternehmen sind verunsichert. Das Scheitern im ersten Wahlgang bei der Wahl des Bundeskanzlers hat die Situation weiter versch\u00e4rft. Diese Stimmung ist Gift f\u00fcr den Konsum. Deshalb ist es jetzt h\u00f6chste Zeit anzupacken. Alle notwendigen Ma\u00dfnahmen liegen auf dem Tisch, die neue Bundesregierung muss rasch in die Umsetzung kommen. Wir brauchen eine Aufbruchsstimmung, damit wieder Zuversicht und Dynamik einkehren. Die Verbraucherstimmung ist zu einem hohen Anteil Kopfsache. Da d\u00fcmpeln wir seit vielen Monaten auf einem nicht zufriedenstellenden Niveau herum. Nach dem verstolperten Start bei der Wahl des Bundeskanzlers geht es nun erst recht darum, hier positive Bewegung auszul\u00f6sen\u201c, so HDE-Pr\u00e4sident Alexander von Preen.<\/p>\n\n\n\n<p>F\u00fcr die Handelsunternehmen stellt von Preen unter anderem die hohen Energiepreise in den Fokus: \u201eStrom muss f\u00fcr alle bezahlbar sein, auch f\u00fcr die Handelsunternehmen. Die explodierenden Energiekosten der vergangenen Jahre haben viele Kalkulationen \u00fcber den Haufen geworfen. Da hilft es nichts, nur der energieintensiven Industrie entgegenzukommen. Die Strompreise m\u00fcssen f\u00fcr alle sinken, die Stromsteuer muss massiv gesenkt werden.\u201c Zudem m\u00fcsse der weitere B\u00fcrokratieabbau energisch und entschlossen angegangen werden. Die \u00fcberbordenden Regelungen machten f\u00fcr die bestehenden Betriebe die Arbeit unn\u00f6tig schwer und teuer. Gleichzeitig schrecke der Regulierungsdschungel viele Menschen vom Schritt in die Selbstst\u00e4ndigkeit ab. Dar\u00fcber hinaus setzt sich der HDE mit Nachdruck f\u00fcr einen fairen Wettbewerb mit Online-Anbietern aus Fernost ein. \u201eEs muss Schluss sein damit, dass \u00fcber Anbieter wie Temu zahllose Waren auf den europ\u00e4ischen Binnenmarkt kommen, die gegen unsere hiesigen Regeln versto\u00dfen. Das ist unfair und gef\u00e4hrdet auf Dauer die Existenz der heimischen H\u00e4ndler, die sich an alle hier geltenden Gesetze halten. Diesen Zust\u00e4nden muss sehr schnell ein Riegel vorgeschoben werden\u201c, so der HDE-Pr\u00e4sident. Als gef\u00e4hrlich wertet der HDE nach wie vor die Erw\u00e4hnung eines Mindestlohns in H\u00f6he von 15 Euro im Koalitionsvertrag. Eine solche Festlegung gef\u00e4hrde die Unabh\u00e4ngigkeit der Mindestlohnkommission. Im Ergebnis sieht der Handelsverband damit die Tarifautonomie unter Druck.<\/p>\n\n\n\n<p>\u201eIm Koalitionsvertrag steckt insgesamt viel Gutes, das muss jetzt rasch konkret werden. F\u00fcr den Konsum ist auch wichtig, dass so schnell wie m\u00f6glich eine steuerliche Entlastung insbesondere f\u00fcr kleinere und mittlere Einkommen kommt. Da muss die Regierung liefern\u201c, so Alexander von Preen. Quelle und Foto: HDE<\/p>\n\n\n\n<p><\/p>\n","protected":false},"excerpt":{"rendered":"<p>Mit Blick auf die heutige Wahl des Bundeskanzlers macht der Handelsverband Deutschland (HDE) deutlich, dass angesichts der schwierigen<\/p>\n","protected":false},"author":1,"featured_media":3017,"comment_status":"closed","ping_status":"closed","sticky":false,"template":"","format":"standard","meta":{"footnotes":""},"categories":[34],"tags":[],"class_list":["post-3016","post","type-post","status-publish","format-standard","has-post-thumbnail","hentry","category-allgemein"],"featured_image_urls":{"full":["https:\/\/agronoticias.es\/de\/wp-content\/uploads\/2025\/05\/HDE-Prasident-Alexander-von-Prehn-scaled.jpg",2560,1706,false],"thumbnail":["https:\/\/agronoticias.es\/de\/wp-content\/uploads\/2025\/05\/HDE-Prasident-Alexander-von-Prehn-150x150.jpg",150,150,true],"medium":["https:\/\/agronoticias.es\/de\/wp-content\/uploads\/2025\/05\/HDE-Prasident-Alexander-von-Prehn-300x200.jpg",300,200,true],"medium_large":["https:\/\/agronoticias.es\/de\/wp-content\/uploads\/2025\/05\/HDE-Prasident-Alexander-von-Prehn-768x512.jpg",640,427,true],"large":["https:\/\/agronoticias.es\/de\/wp-content\/uploads\/2025\/05\/HDE-Prasident-Alexander-von-Prehn-1024x683.jpg",640,427,true],"1536x1536":["https:\/\/agronoticias.es\/de\/wp-content\/uploads\/2025\/05\/HDE-Prasident-Alexander-von-Prehn-1536x1024.jpg",1536,1024,true],"2048x2048":["https:\/\/agronoticias.es\/de\/wp-content\/uploads\/2025\/05\/HDE-Prasident-Alexander-von-Prehn-2048x1365.jpg",2048,1365,true],"morenews-large":["https:\/\/agronoticias.es\/de\/wp-content\/uploads\/2025\/05\/HDE-Prasident-Alexander-von-Prehn-825x575.jpg",825,575,true],"morenews-medium":["https:\/\/agronoticias.es\/de\/wp-content\/uploads\/2025\/05\/HDE-Prasident-Alexander-von-Prehn-590x410.jpg",590,410,true]},"author_info":{"display_name":"admin","author_link":"https:\/\/agronoticias.es\/de\/author\/admin\/"},"category_info":"<a href=\"https:\/\/agronoticias.es\/de\/category\/allgemein\/\" rel=\"category tag\">Allgemein<\/a>","tag_info":"Allgemein","comment_count":"0","_links":{"self":[{"href":"https:\/\/agronoticias.es\/de\/wp-json\/wp\/v2\/posts\/3016","targetHints":{"allow":["GET"]}}],"collection":[{"href":"https:\/\/agronoticias.es\/de\/wp-json\/wp\/v2\/posts"}],"about":[{"href":"https:\/\/agronoticias.es\/de\/wp-json\/wp\/v2\/types\/post"}],"author":[{"embeddable":true,"href":"https:\/\/agronoticias.es\/de\/wp-json\/wp\/v2\/users\/1"}],"replies":[{"embeddable":true,"href":"https:\/\/agronoticias.es\/de\/wp-json\/wp\/v2\/comments?post=3016"}],"version-history":[{"count":1,"href":"https:\/\/agronoticias.es\/de\/wp-json\/wp\/v2\/posts\/3016\/revisions"}],"predecessor-version":[{"id":3018,"href":"https:\/\/agronoticias.es\/de\/wp-json\/wp\/v2\/posts\/3016\/revisions\/3018"}],"wp:featuredmedia":[{"embeddable":true,"href":"https:\/\/agronoticias.es\/de\/wp-json\/wp\/v2\/media\/3017"}],"wp:attachment":[{"href":"https:\/\/agronoticias.es\/de\/wp-json\/wp\/v2\/media?parent=3016"}],"wp:term":[{"taxonomy":"category","embeddable":true,"href":"https:\/\/agronoticias.es\/de\/wp-json\/wp\/v2\/categories?post=3016"},{"taxonomy":"post_tag","embeddable":true,"href":"https:\/\/agronoticias.es\/de\/wp-json\/wp\/v2\/tags?post=3016"}],"curies":[{"name":"wp","href":"https:\/\/api.w.org\/{rel}","templated":true}]}}