{"id":3013,"date":"2025-05-07T10:36:32","date_gmt":"2025-05-07T08:36:32","guid":{"rendered":"https:\/\/agronoticias.es\/de\/?p=3013"},"modified":"2025-05-07T10:36:33","modified_gmt":"2025-05-07T08:36:33","slug":"alois-rainer-tritt-amt-als-bundesminister-fur-landwirtschaft-ernahrung-und-heimat-an","status":"publish","type":"post","link":"https:\/\/agronoticias.es\/de\/alois-rainer-tritt-amt-als-bundesminister-fur-landwirtschaft-ernahrung-und-heimat-an\/","title":{"rendered":"Alois Rainer tritt Amt als Bundesminister f\u00fcr Landwirtschaft, Ern\u00e4hrung und Heimat an"},"content":{"rendered":"\n<p> <\/p>\n\n\n\n<p>Alois Rainer wurde gestern (6.5.25) in Berlin von Bundespr\u00e4sident Frank-Walter Steinmeier zum neuen Bundesminister f\u00fcr Landwirtschaft, Ern\u00e4hrung und Heimat ernannt.<\/p>\n\n\n\n<p>Zu seinem Amtsantritt erkl\u00e4rte Bundesminister Rainer: \u00abUnsere Landwirtschaft ist das R\u00fcckgrat des l\u00e4ndlichen Raums \u2013 sie verdient Wertsch\u00e4tzung, Verl\u00e4sslichkeit und faire Rahmenbedingungen. Es ist mir eine gro\u00dfe Ehre und Verantwortung, das Amt des Bundesministers f\u00fcr Landwirtschaft, Ern\u00e4hrung und Heimat zu \u00fcbernehmen. F\u00fcr mich ist das kein Beruf, sondern eine Berufung. Mein Ziel ist es, im Einklang mit Umwelt und Tierwohl beste Bedingungen f\u00fcr die Landwirtschaft in Deutschland zu schaffen. Wir m\u00fcssen unsere b\u00e4uerlichen Familienbetriebe st\u00e4rker entlasten und ihnen mehr Planungssicherheit geben. B\u00fcrokratieabbau ist dabei kein Schlagwort, sondern eine politische Verpflichtung! Der l\u00e4ndliche Raum ist nicht nur unsere Herkunft \u2013 er ist unsere Zukunft. Ihn als Lebensraum zu st\u00e4rken, als Wirtschaftskraft zu f\u00f6rdern und als Heimat lebendig zu halten, ist mein Anspruch.<\/p>\n\n\n\n<p>Ich danke meinem Vorg\u00e4nger Cem \u00d6zdemir und seinem Team f\u00fcr die geleistete Arbeit f\u00fcr unser Land und die gute Amts\u00fcbergabe. Es ist ein hohes Gut, dass in unserer freiheitlichen Demokratie Regierungswechsel friedlich vonstattengehen.<\/p>\n\n\n\n<p>Mit gro\u00dfer Vorfreude blicke ich nun auf die neue Aufgabe und auf die Zusammenarbeit mit den hochqualifizierten Mitarbeitenden in Bonn und Berlin. Viele Kolleginnen und Kollegen durfte ich heute schon kennenlernen und dabei habe ich ihre Leidenschaft und Begeisterung f\u00fcr die Breite der Agrar- und Ern\u00e4hrungsthemen gesp\u00fcrt. Das braucht es, um unsere Heimat voranzubringen.\u00bb<\/p>\n\n\n\n<p>Biographische Eckdaten der neuen Hausleitung:<\/p>\n\n\n\n<p>Alois Rainer stammt aus Straubing in Niederbayern. Er war von 1996 bis 2013 B\u00fcrgermeister seiner Heimatgemeinde Haibach. Seit 2013 ist er Mitglied des Deutschen Bundestages, war unter anderem im Ausschuss f\u00fcr Ern\u00e4hrung und Landwirtschaft und im Haushaltsausschuss t\u00e4tig und leitete zuletzt den Finanzausschuss. Bei der letzten Bundestagswahl wurde er im Wahlkreis Straubing direkt gew\u00e4hlt. Der gelernte Metzger ist verheiratet, r\u00f6misch-katholisch und Vater von zwei S\u00f6hnen.<\/p>\n\n\n\n<p>Quelle und Foto: BMEL<\/p>\n\n\n\n<p><\/p>\n","protected":false},"excerpt":{"rendered":"<p>Alois Rainer wurde gestern (6.5.25) in Berlin von Bundespr\u00e4sident Frank-Walter Steinmeier zum neuen Bundesminister f\u00fcr Landwirtschaft, Ern\u00e4hrung und<\/p>\n","protected":false},"author":1,"featured_media":3014,"comment_status":"closed","ping_status":"closed","sticky":false,"template":"","format":"standard","meta":{"footnotes":""},"categories":[34],"tags":[],"class_list":["post-3013","post","type-post","status-publish","format-standard","has-post-thumbnail","hentry","category-allgemein"],"featured_image_urls":{"full":["https:\/\/agronoticias.es\/de\/wp-content\/uploads\/2025\/05\/Alois-Rainer-neuer-Landwirtschaftsminister.jpg",960,540,false],"thumbnail":["https:\/\/agronoticias.es\/de\/wp-content\/uploads\/2025\/05\/Alois-Rainer-neuer-Landwirtschaftsminister-150x150.jpg",150,150,true],"medium":["https:\/\/agronoticias.es\/de\/wp-content\/uploads\/2025\/05\/Alois-Rainer-neuer-Landwirtschaftsminister-300x169.jpg",300,169,true],"medium_large":["https:\/\/agronoticias.es\/de\/wp-content\/uploads\/2025\/05\/Alois-Rainer-neuer-Landwirtschaftsminister-768x432.jpg",640,360,true],"large":["https:\/\/agronoticias.es\/de\/wp-content\/uploads\/2025\/05\/Alois-Rainer-neuer-Landwirtschaftsminister.jpg",640,360,false],"1536x1536":["https:\/\/agronoticias.es\/de\/wp-content\/uploads\/2025\/05\/Alois-Rainer-neuer-Landwirtschaftsminister.jpg",960,540,false],"2048x2048":["https:\/\/agronoticias.es\/de\/wp-content\/uploads\/2025\/05\/Alois-Rainer-neuer-Landwirtschaftsminister.jpg",960,540,false],"morenews-large":["https:\/\/agronoticias.es\/de\/wp-content\/uploads\/2025\/05\/Alois-Rainer-neuer-Landwirtschaftsminister-825x540.jpg",825,540,true],"morenews-medium":["https:\/\/agronoticias.es\/de\/wp-content\/uploads\/2025\/05\/Alois-Rainer-neuer-Landwirtschaftsminister-590x410.jpg",590,410,true]},"author_info":{"display_name":"admin","author_link":"https:\/\/agronoticias.es\/de\/author\/admin\/"},"category_info":"<a href=\"https:\/\/agronoticias.es\/de\/category\/allgemein\/\" rel=\"category tag\">Allgemein<\/a>","tag_info":"Allgemein","comment_count":"0","_links":{"self":[{"href":"https:\/\/agronoticias.es\/de\/wp-json\/wp\/v2\/posts\/3013","targetHints":{"allow":["GET"]}}],"collection":[{"href":"https:\/\/agronoticias.es\/de\/wp-json\/wp\/v2\/posts"}],"about":[{"href":"https:\/\/agronoticias.es\/de\/wp-json\/wp\/v2\/types\/post"}],"author":[{"embeddable":true,"href":"https:\/\/agronoticias.es\/de\/wp-json\/wp\/v2\/users\/1"}],"replies":[{"embeddable":true,"href":"https:\/\/agronoticias.es\/de\/wp-json\/wp\/v2\/comments?post=3013"}],"version-history":[{"count":1,"href":"https:\/\/agronoticias.es\/de\/wp-json\/wp\/v2\/posts\/3013\/revisions"}],"predecessor-version":[{"id":3015,"href":"https:\/\/agronoticias.es\/de\/wp-json\/wp\/v2\/posts\/3013\/revisions\/3015"}],"wp:featuredmedia":[{"embeddable":true,"href":"https:\/\/agronoticias.es\/de\/wp-json\/wp\/v2\/media\/3014"}],"wp:attachment":[{"href":"https:\/\/agronoticias.es\/de\/wp-json\/wp\/v2\/media?parent=3013"}],"wp:term":[{"taxonomy":"category","embeddable":true,"href":"https:\/\/agronoticias.es\/de\/wp-json\/wp\/v2\/categories?post=3013"},{"taxonomy":"post_tag","embeddable":true,"href":"https:\/\/agronoticias.es\/de\/wp-json\/wp\/v2\/tags?post=3013"}],"curies":[{"name":"wp","href":"https:\/\/api.w.org\/{rel}","templated":true}]}}